{"id":150563,"date":"2020-10-21T15:28:40","date_gmt":"2020-10-21T13:28:40","guid":{"rendered":"https:\/\/polishscience.pl\/?p=150563"},"modified":"2020-10-21T15:28:40","modified_gmt":"2020-10-21T13:28:40","slug":"une-chercheuse-de-luniversite-adam-mickiewicz-a-poznan-est-laureate-du-prix-st-edith-stein","status":"publish","type":"post","link":"https:\/\/www.polishscience.pl\/fr\/une-chercheuse-de-luniversite-adam-mickiewicz-a-poznan-est-laureate-du-prix-st-edith-stein\/","title":{"rendered":"Une chercheuse de l&rsquo;Universit\u00e9 Adam Mickiewicz \u00e0 Pozna\u0144 est laur\u00e9ate du Prix St. Edith Stein"},"content":{"rendered":"<p><strong>Le professeur Anna Grzegorczyk du D\u00e9partement d&rsquo;Anthropologie et d&rsquo;\u00c9tudes Culturelles de l&rsquo;Universit\u00e9 Adam Mickiewicz \u00e0 Pozna\u0144, directrice du Centre Universitaire de Recherche \u00a0Edith Stein, a \u00e9t\u00e9 honor\u00e9e du prix du m\u00e9c\u00e9nat, informe l&rsquo;universit\u00e9.<\/strong><\/p>\n<p>Le prix est d\u00e9cern\u00e9 par le jury de l\u2019Association Edith Stein et le directeur du Centre de M\u00e9moire et Futur (en 2019 et 2020). Le professeur Grzegorczyk l&rsquo;a re\u00e7u pour avoir co-cr\u00e9\u00e9 le Centre de Recherche \u00e0 Pozna\u0144, pour ses nombreuses ann\u00e9es d&rsquo;activit\u00e9s scientifiques et de recherche consacr\u00e9es \u00e0 la vie et aux \u00e9crits de Sainte Th\u00e9r\u00e8se-B\u00e9n\u00e9dicte de la Croix (Edith Stein) en Pologne et \u00e0 l&rsquo;\u00e9tranger et pour avoir popularis\u00e9 son h\u00e9ritage spirituel, ainsi que pour avoir \u00e9dit\u00e9 et publi\u00e9 de nombreuses publications.<\/p>\n<p>L\u2019Association a \u00e9tabli cette distinction afin d&rsquo;approfondir, de comprendre et de populariser le riche h\u00e9ritage spirituel d&rsquo;Edith Stein &#8211; Sainte Th\u00e9r\u00e8se-B\u00e9n\u00e9dicte de la Croix, fille de la nation juive, philosophe et carm\u00e9lite, proclam\u00e9e par le pape Jean-Paul II co-patronne de l&rsquo;Europe &#8211; \u00e0 lire dans le service de l&rsquo;universit\u00e9.<\/p>\n","protected":false},"excerpt":{"rendered":"<p>Le professeur Anna Grzegorczyk du D\u00e9partement d&rsquo;Anthropologie et d&rsquo;\u00c9tudes Culturelles de l&rsquo;Universit\u00e9 Adam Mickiewicz \u00e0 Pozna\u0144, directrice du Centre Universitaire de Recherche \u00a0Edith Stein, a \u00e9t\u00e9 honor\u00e9e du prix du m\u00e9c\u00e9nat, informe l&rsquo;universit\u00e9. Le prix est d\u00e9cern\u00e9 par le jury de l\u2019Association Edith Stein et le directeur du Centre de M\u00e9moire et Futur (en 2019 [&hellip;]<\/p>\n","protected":false},"author":11,"featured_media":0,"comment_status":"closed","ping_status":"closed","sticky":false,"template":"","format":"standard","meta":[],"categories":[41],"tags":[],"_links":{"self":[{"href":"https:\/\/www.polishscience.pl\/fr\/wp-json\/wp\/v2\/posts\/150563"}],"collection":[{"href":"https:\/\/www.polishscience.pl\/fr\/wp-json\/wp\/v2\/posts"}],"about":[{"href":"https:\/\/www.polishscience.pl\/fr\/wp-json\/wp\/v2\/types\/post"}],"author":[{"embeddable":true,"href":"https:\/\/www.polishscience.pl\/fr\/wp-json\/wp\/v2\/users\/11"}],"replies":[{"embeddable":true,"href":"https:\/\/www.polishscience.pl\/fr\/wp-json\/wp\/v2\/comments?post=150563"}],"version-history":[{"count":0,"href":"https:\/\/www.polishscience.pl\/fr\/wp-json\/wp\/v2\/posts\/150563\/revisions"}],"wp:attachment":[{"href":"https:\/\/www.polishscience.pl\/fr\/wp-json\/wp\/v2\/media?parent=150563"}],"wp:term":[{"taxonomy":"category","embeddable":true,"href":"https:\/\/www.polishscience.pl\/fr\/wp-json\/wp\/v2\/categories?post=150563"},{"taxonomy":"post_tag","embeddable":true,"href":"https:\/\/www.polishscience.pl\/fr\/wp-json\/wp\/v2\/tags?post=150563"}],"curies":[{"name":"wp","href":"https:\/\/api.w.org\/{rel}","templated":true}]}}