{"id":150554,"date":"2020-10-21T15:26:57","date_gmt":"2020-10-21T13:26:57","guid":{"rendered":"https:\/\/polishscience.pl\/?p=150554"},"modified":"2020-10-21T15:26:57","modified_gmt":"2020-10-21T13:26:57","slug":"przemyslaw-czarnek-a-ete-nomme-ministre-de-leducation-et-des-sciences","status":"publish","type":"post","link":"https:\/\/www.polishscience.pl\/fr\/przemyslaw-czarnek-a-ete-nomme-ministre-de-leducation-et-des-sciences\/","title":{"rendered":"Przemys\u0142aw  Czarnek a \u00e9t\u00e9 nomm\u00e9 ministre de l&rsquo;\u00e9ducation et des sciences"},"content":{"rendered":"<p class=\"Standard\"><strong><span lang=\"EN-US\" style=\"font-family: 'Times New Roman',serif;\">F\u00e9licitations pour votre nomination et merci d&rsquo;avoir accept\u00e9 cette t\u00e2che difficile. Ce sont deux minist\u00e8res extr\u00eamement importants qui suscitent beaucoup d&rsquo;\u00e9motions, car chacun d&rsquo;eux concerne l&rsquo;\u00e9ducation de nos jeunes &#8211; a d\u00e9clar\u00e9 le pr\u00e9sident polonais Andrzej Duda, en remettant l&rsquo;acte de nomination \u00e0 Przemys\u0142aw Czarnek.<\/span><\/strong><\/p>\n<p class=\"Standard\"><span lang=\"EN-US\" style=\"font-family: 'Times New Roman',serif;\">La fusion du minist\u00e8re des sciences et de l&rsquo;enseignement sup\u00e9rieur et du minist\u00e8re de l&rsquo;\u00e9ducation nationale est le r\u00e9sultat de changements dans la structure du gouvernement, dont le Premier ministre Mateusz Morawiecki a d\u00e9j\u00e0 inform\u00e9 le 30 septembre.<\/span><\/p>\n<p class=\"Standard\"><span lang=\"EN-US\" style=\"font-family: 'Times New Roman',serif;\">Le nouveau chef du minist\u00e8re de l&rsquo;\u00e9ducation et des sciences est un avocat, un docteur en droit, un professeur de l&rsquo;Universit\u00e9 Catholique de Lublin (KUL).<\/span><\/p>\n<p class=\"Standard\"><span lang=\"EN-US\" style=\"font-family: 'Times New Roman',serif;\">En 2006, \u00e0 l&rsquo;Universit\u00e9 Catholique de Lublin, il a soutenu sa th\u00e8se de doctorat intitul\u00e9e \u00ab\u00a0Les principes de l&rsquo;\u00c9tat de droit et de la justice sociale dans la pratique politique de la troisi\u00e8me R\u00e9publique de Pologne\u00a0\u00bb. Il y a cinq ans, sur la base de ses r\u00e9alisations scientifiques et de son travail intitul\u00e9 \u00ab\u00a0La libert\u00e9 \u00e9conomique\u00a0\u00bb. Le premier pilier de l&rsquo;\u00e9conomie sociale de march\u00e9 a re\u00e7u le degr\u00e9 de docteur d\u2019\u00c9tat. En 2020, il devient professeur \u00e0 l&rsquo;Universit\u00e9 Catholique de Lublin. Il est sp\u00e9cialis\u00e9 dans le droit constitutionnel.<\/span><\/p>\n","protected":false},"excerpt":{"rendered":"<p>F\u00e9licitations pour votre nomination et merci d&rsquo;avoir accept\u00e9 cette t\u00e2che difficile. Ce sont deux minist\u00e8res extr\u00eamement importants qui suscitent beaucoup d&rsquo;\u00e9motions, car chacun d&rsquo;eux concerne l&rsquo;\u00e9ducation de nos jeunes &#8211; a d\u00e9clar\u00e9 le pr\u00e9sident polonais Andrzej Duda, en remettant l&rsquo;acte de nomination \u00e0 Przemys\u0142aw Czarnek. La fusion du minist\u00e8re des sciences et de l&rsquo;enseignement sup\u00e9rieur [&hellip;]<\/p>\n","protected":false},"author":11,"featured_media":0,"comment_status":"closed","ping_status":"closed","sticky":false,"template":"","format":"standard","meta":[],"categories":[35],"tags":[],"_links":{"self":[{"href":"https:\/\/www.polishscience.pl\/fr\/wp-json\/wp\/v2\/posts\/150554"}],"collection":[{"href":"https:\/\/www.polishscience.pl\/fr\/wp-json\/wp\/v2\/posts"}],"about":[{"href":"https:\/\/www.polishscience.pl\/fr\/wp-json\/wp\/v2\/types\/post"}],"author":[{"embeddable":true,"href":"https:\/\/www.polishscience.pl\/fr\/wp-json\/wp\/v2\/users\/11"}],"replies":[{"embeddable":true,"href":"https:\/\/www.polishscience.pl\/fr\/wp-json\/wp\/v2\/comments?post=150554"}],"version-history":[{"count":0,"href":"https:\/\/www.polishscience.pl\/fr\/wp-json\/wp\/v2\/posts\/150554\/revisions"}],"wp:attachment":[{"href":"https:\/\/www.polishscience.pl\/fr\/wp-json\/wp\/v2\/media?parent=150554"}],"wp:term":[{"taxonomy":"category","embeddable":true,"href":"https:\/\/www.polishscience.pl\/fr\/wp-json\/wp\/v2\/categories?post=150554"},{"taxonomy":"post_tag","embeddable":true,"href":"https:\/\/www.polishscience.pl\/fr\/wp-json\/wp\/v2\/tags?post=150554"}],"curies":[{"name":"wp","href":"https:\/\/api.w.org\/{rel}","templated":true}]}}