{"id":150160,"date":"2020-10-16T13:55:36","date_gmt":"2020-10-16T11:55:36","guid":{"rendered":"https:\/\/polishscience.pl\/?p=150160"},"modified":"2020-10-16T13:55:36","modified_gmt":"2020-10-16T11:55:36","slug":"le-lancement-du-projet-intitule-lenseignement-des-sciences-humaines-v4-pour-le-climat-la-reconnaissance-les-bonnes-pratiques-les-recommandations","status":"publish","type":"post","link":"https:\/\/www.polishscience.pl\/fr\/le-lancement-du-projet-intitule-lenseignement-des-sciences-humaines-v4-pour-le-climat-la-reconnaissance-les-bonnes-pratiques-les-recommandations\/","title":{"rendered":"Le lancement du projet intitul\u00e9 \u00ab\u00a0L\u2019enseignement des sciences humaines V4 pour le climat. La reconnaissance \u2013 les bonnes pratiques \u2013 les recommandations\u00a0\u00bb"},"content":{"rendered":"<p><strong>L&rsquo;Universit\u00e9 de Sil\u00e9sie a lanc\u00e9 le projet \u00a0\u00bb L\u2019enseignement des sciences humaines V4 pour le climat. La reconnaissance \u2013 les bonnes pratiques \u2013 les recommandations\u00a0\u00bb. L&rsquo;objectif des scientifiques est d&rsquo;\u00e9laborer dans les pays du Groupe de Visegrad (Pologne, R\u00e9publique tch\u00e8que, Hongrie et Slovaquie) les fondements d&rsquo;une \u00e9ducation humaniste multilat\u00e9rale et moderne dans le sens de la responsabilit\u00e9 pour le pr\u00e9sent et l&rsquo;avenir de la plan\u00e8te.<\/strong><\/p>\n<p>Le projet, est r\u00e9alis\u00e9 dans le cadre des Fonds de Visegrad, implique des repr\u00e9sentants des sciences humaines et des praticiens : des enseignants et des \u00e9ducateurs repr\u00e9sentant diff\u00e9rents niveaux d&rsquo;enseignement et diverses institutions des pays du Groupe de Visegrad.<\/p>\n<p>L&rsquo;\u00e9quipe de chercheurs d\u00e9veloppera un projet d&rsquo;\u00e9ducation pro-climatique liant les connaissances de plusieurs disciplines scientifiques humanistes, convivial pour les \u00e9tudiants et les \u00e9l\u00e8ves, correspondant \u00e0 la sp\u00e9cificit\u00e9 des exp\u00e9riences de vie des jeunes, mais g\u00e9n\u00e9rant en m\u00eame temps de nouvelles formes de comportement dans l&rsquo;esprit de respect et d&#8217;empathie &#8211; des attitudes qui ne nuisent pas \u00e0 la plan\u00e8te \u2013 \u00e0 lire dans le service de l&rsquo;universit\u00e9.<\/p>\n<p>En savoir plus : <a href=\"https:\/\/us.edu.pl\/rusza-projekt-edukacja-humanistyczna-v4-dla-klimatu\/\">https:\/\/us.edu.pl\/rusza-projekt-edukacja-humanistyczna-v4-dla-klimatu\/<\/a><\/p>\n","protected":false},"excerpt":{"rendered":"<p>L&rsquo;Universit\u00e9 de Sil\u00e9sie a lanc\u00e9 le projet \u00a0\u00bb L\u2019enseignement des sciences humaines V4 pour le climat. La reconnaissance \u2013 les bonnes pratiques \u2013 les recommandations\u00a0\u00bb. L&rsquo;objectif des scientifiques est d&rsquo;\u00e9laborer dans les pays du Groupe de Visegrad (Pologne, R\u00e9publique tch\u00e8que, Hongrie et Slovaquie) les fondements d&rsquo;une \u00e9ducation humaniste multilat\u00e9rale et moderne dans le sens de [&hellip;]<\/p>\n","protected":false},"author":11,"featured_media":0,"comment_status":"closed","ping_status":"closed","sticky":false,"template":"","format":"standard","meta":[],"categories":[37],"tags":[],"_links":{"self":[{"href":"https:\/\/www.polishscience.pl\/fr\/wp-json\/wp\/v2\/posts\/150160"}],"collection":[{"href":"https:\/\/www.polishscience.pl\/fr\/wp-json\/wp\/v2\/posts"}],"about":[{"href":"https:\/\/www.polishscience.pl\/fr\/wp-json\/wp\/v2\/types\/post"}],"author":[{"embeddable":true,"href":"https:\/\/www.polishscience.pl\/fr\/wp-json\/wp\/v2\/users\/11"}],"replies":[{"embeddable":true,"href":"https:\/\/www.polishscience.pl\/fr\/wp-json\/wp\/v2\/comments?post=150160"}],"version-history":[{"count":0,"href":"https:\/\/www.polishscience.pl\/fr\/wp-json\/wp\/v2\/posts\/150160\/revisions"}],"wp:attachment":[{"href":"https:\/\/www.polishscience.pl\/fr\/wp-json\/wp\/v2\/media?parent=150160"}],"wp:term":[{"taxonomy":"category","embeddable":true,"href":"https:\/\/www.polishscience.pl\/fr\/wp-json\/wp\/v2\/categories?post=150160"},{"taxonomy":"post_tag","embeddable":true,"href":"https:\/\/www.polishscience.pl\/fr\/wp-json\/wp\/v2\/tags?post=150160"}],"curies":[{"name":"wp","href":"https:\/\/api.w.org\/{rel}","templated":true}]}}