{"id":150158,"date":"2020-10-16T13:55:32","date_gmt":"2020-10-16T11:55:32","guid":{"rendered":"https:\/\/polishscience.pl\/?p=150158"},"modified":"2020-10-16T13:55:32","modified_gmt":"2020-10-16T11:55:32","slug":"luniversite-cardinal-stefan-wyszynski-de-varsovie-annonce-la-creation-de-lacademie-des-polonais-de-letranger","status":"publish","type":"post","link":"https:\/\/www.polishscience.pl\/fr\/luniversite-cardinal-stefan-wyszynski-de-varsovie-annonce-la-creation-de-lacademie-des-polonais-de-letranger\/","title":{"rendered":"L&rsquo;Universit\u00e9 Cardinal Stefan Wyszy\u0144ski de Varsovie annonce la cr\u00e9ation de l&rsquo;Acad\u00e9mie des Polonais de l\u2019\u00c9tranger"},"content":{"rendered":"<p class=\"Standard\"><strong><span lang=\"EN-US\" style=\"font-family: 'Times New Roman',serif;\">Lors de l&rsquo;inauguration de l&rsquo;ann\u00e9e acad\u00e9mique 2020\/2021, la Fondation Pro Polonia a \u00e9t\u00e9 cr\u00e9\u00e9e \u00e0 l&rsquo;Universit\u00e9 Cardinal Stefan Wyszy\u0144ski (UKSW) \u00e0 Varsovie, dont le but est de renforcer la coop\u00e9ration avec la communaut\u00e9 polonaise et les polonais vivant \u00e0 l&rsquo;\u00e9tranger. L&rsquo;une des t\u00e2ches de la Fondation et de l&rsquo;UKSW est de cr\u00e9er l&rsquo;Acad\u00e9mie des Polonais de l\u2019\u00c9tranger.<\/span><\/strong><\/p>\n<p class=\"Standard\"><span lang=\"EN-US\" style=\"font-family: 'Times New Roman',serif;\">Nous voulons d\u00e9velopper une large coop\u00e9ration entre la diaspora polonaise et les polonais vivant \u00e0 l&rsquo;\u00e9tranger &#8211; dans les domaines de l&rsquo;\u00e9ducation, de la culture, de la religion, de l&rsquo;\u00e9conomie, du sport ou du tourisme. Nous soutiendrons l&rsquo;int\u00e9gration de la communaut\u00e9 polonaise, ainsi que les contacts bilat\u00e9raux : entre la soci\u00e9t\u00e9 polonaise, principalement les jeunes, les milieux universitaires et la communaut\u00e9 polonaise et les polonais vivant \u00e0 l&rsquo;\u00e9tranger &#8211; a d\u00e9clar\u00e9 le recteur de l&rsquo;UKSW, le professeur Ryszard Czekalski, l&rsquo;un des fondateurs de Pro Polonia.<\/span><span lang=\"EN-US\" style=\"font-family: 'Times New Roman',serif;\">\u00a0<\/span><\/p>\n<p class=\"Standard\"><span lang=\"EN-US\" style=\"font-family: 'Times New Roman',serif;\">Le recteur de l&rsquo;UKSW a d\u00e9clar\u00e9 que la cr\u00e9ation de l&rsquo;Acad\u00e9mie des Polonais de l\u2019\u00c9tranger est une question strat\u00e9gique pour la Fondation et l&rsquo;UKSW. Sa cr\u00e9ation sera possible gr\u00e2ce \u00e0 la compr\u00e9hension et au soutien des autorit\u00e9s polonaises &#8211; a ajout\u00e9 le p\u00e8re Ryszard Czekalski et a soulign\u00e9 que l&rsquo;UKSW poss\u00e8de un \u00e9norme potentiel intellectuel, que l&rsquo;universit\u00e9 est pr\u00eate \u00e0 lancer et \u00e0 soutenir de mani\u00e8re significative les polonais dispers\u00e9s dans le monde.<\/span><\/p>\n","protected":false},"excerpt":{"rendered":"<p>Lors de l&rsquo;inauguration de l&rsquo;ann\u00e9e acad\u00e9mique 2020\/2021, la Fondation Pro Polonia a \u00e9t\u00e9 cr\u00e9\u00e9e \u00e0 l&rsquo;Universit\u00e9 Cardinal Stefan Wyszy\u0144ski (UKSW) \u00e0 Varsovie, dont le but est de renforcer la coop\u00e9ration avec la communaut\u00e9 polonaise et les polonais vivant \u00e0 l&rsquo;\u00e9tranger. L&rsquo;une des t\u00e2ches de la Fondation et de l&rsquo;UKSW est de cr\u00e9er l&rsquo;Acad\u00e9mie des Polonais [&hellip;]<\/p>\n","protected":false},"author":11,"featured_media":0,"comment_status":"closed","ping_status":"closed","sticky":false,"template":"","format":"standard","meta":[],"categories":[35],"tags":[],"_links":{"self":[{"href":"https:\/\/www.polishscience.pl\/fr\/wp-json\/wp\/v2\/posts\/150158"}],"collection":[{"href":"https:\/\/www.polishscience.pl\/fr\/wp-json\/wp\/v2\/posts"}],"about":[{"href":"https:\/\/www.polishscience.pl\/fr\/wp-json\/wp\/v2\/types\/post"}],"author":[{"embeddable":true,"href":"https:\/\/www.polishscience.pl\/fr\/wp-json\/wp\/v2\/users\/11"}],"replies":[{"embeddable":true,"href":"https:\/\/www.polishscience.pl\/fr\/wp-json\/wp\/v2\/comments?post=150158"}],"version-history":[{"count":0,"href":"https:\/\/www.polishscience.pl\/fr\/wp-json\/wp\/v2\/posts\/150158\/revisions"}],"wp:attachment":[{"href":"https:\/\/www.polishscience.pl\/fr\/wp-json\/wp\/v2\/media?parent=150158"}],"wp:term":[{"taxonomy":"category","embeddable":true,"href":"https:\/\/www.polishscience.pl\/fr\/wp-json\/wp\/v2\/categories?post=150158"},{"taxonomy":"post_tag","embeddable":true,"href":"https:\/\/www.polishscience.pl\/fr\/wp-json\/wp\/v2\/tags?post=150158"}],"curies":[{"name":"wp","href":"https:\/\/api.w.org\/{rel}","templated":true}]}}