{"id":149538,"date":"2020-10-13T13:52:58","date_gmt":"2020-10-13T11:52:58","guid":{"rendered":"https:\/\/polishscience.pl\/?p=149538"},"modified":"2020-10-13T13:52:58","modified_gmt":"2020-10-13T11:52:58","slug":"la-creation-de-l-academie-catholique-a-varsovie","status":"publish","type":"post","link":"https:\/\/www.polishscience.pl\/fr\/la-creation-de-l-academie-catholique-a-varsovie\/","title":{"rendered":"La cr\u00e9ation de l &lsquo;Acad\u00e9mie Catholique \u00e0 Varsovie"},"content":{"rendered":"<p class=\"Standard\"><strong><span lang=\"EN-US\" style=\"font-family: 'Times New Roman',serif;\">Le 8 octobre, l&rsquo;Acad\u00e9mie Catholique de Varsovie a inaugur\u00e9 sa premi\u00e8re ann\u00e9e acad\u00e9mique. Il a \u00e9t\u00e9 \u00e9tabli sur la base de la Facult\u00e9 Pontificale de Th\u00e9ologie. Il s&rsquo;agit d&rsquo;un travail conjoint de l&rsquo;Archidioc\u00e8se de Varsovie et de la province des j\u00e9suites de Grande-Pologne et de Mazovie, informe l&rsquo;Agence Catholique d&rsquo;Information.<\/span><\/strong><\/p>\n<p class=\"Standard\"><span lang=\"EN-US\" style=\"font-family: 'Times New Roman',serif;\">En annon\u00e7ant la cr\u00e9ation de l&rsquo;Acad\u00e9mie Catholique \u00e0 Varsovie, le cardinal Kazimierz Nycz a soulign\u00e9 qu&rsquo;il ne s&rsquo;agit pas seulement d&rsquo;un changement cosm\u00e9tique du nom de l&rsquo;Acad\u00e9mie, mais aussi d&rsquo;une reconnaissance des r\u00e9alisations et d&rsquo;une expression de la maturit\u00e9 des structures de la Facult\u00e9 Pontificale de Th\u00e9ologie existante avec ses deux sections Collegium Joanneum et Collegium Bobolanum. Jusqu&rsquo;\u00e0 pr\u00e9sent, ils coop\u00e9raient au sein d&rsquo;une m\u00eame facult\u00e9, maintenant ils co-fondent l&rsquo;Acad\u00e9mie Catholique.<\/span><\/p>\n<p class=\"Standard\"><span lang=\"EN-US\" style=\"font-family: 'Times New Roman',serif;\">La nouvelle Acad\u00e9mie aura trois facult\u00e9s : la th\u00e9ologie, les arts et les sciences sociales, et au cours de l&rsquo;ann\u00e9e acad\u00e9mique 2020\/2021, 1300 \u00e9tudiants y \u00e9tudieront.<\/span><\/p>\n","protected":false},"excerpt":{"rendered":"<p>Le 8 octobre, l&rsquo;Acad\u00e9mie Catholique de Varsovie a inaugur\u00e9 sa premi\u00e8re ann\u00e9e acad\u00e9mique. Il a \u00e9t\u00e9 \u00e9tabli sur la base de la Facult\u00e9 Pontificale de Th\u00e9ologie. Il s&rsquo;agit d&rsquo;un travail conjoint de l&rsquo;Archidioc\u00e8se de Varsovie et de la province des j\u00e9suites de Grande-Pologne et de Mazovie, informe l&rsquo;Agence Catholique d&rsquo;Information. En annon\u00e7ant la cr\u00e9ation de [&hellip;]<\/p>\n","protected":false},"author":11,"featured_media":0,"comment_status":"closed","ping_status":"closed","sticky":false,"template":"","format":"standard","meta":[],"categories":[35],"tags":[],"_links":{"self":[{"href":"https:\/\/www.polishscience.pl\/fr\/wp-json\/wp\/v2\/posts\/149538"}],"collection":[{"href":"https:\/\/www.polishscience.pl\/fr\/wp-json\/wp\/v2\/posts"}],"about":[{"href":"https:\/\/www.polishscience.pl\/fr\/wp-json\/wp\/v2\/types\/post"}],"author":[{"embeddable":true,"href":"https:\/\/www.polishscience.pl\/fr\/wp-json\/wp\/v2\/users\/11"}],"replies":[{"embeddable":true,"href":"https:\/\/www.polishscience.pl\/fr\/wp-json\/wp\/v2\/comments?post=149538"}],"version-history":[{"count":0,"href":"https:\/\/www.polishscience.pl\/fr\/wp-json\/wp\/v2\/posts\/149538\/revisions"}],"wp:attachment":[{"href":"https:\/\/www.polishscience.pl\/fr\/wp-json\/wp\/v2\/media?parent=149538"}],"wp:term":[{"taxonomy":"category","embeddable":true,"href":"https:\/\/www.polishscience.pl\/fr\/wp-json\/wp\/v2\/categories?post=149538"},{"taxonomy":"post_tag","embeddable":true,"href":"https:\/\/www.polishscience.pl\/fr\/wp-json\/wp\/v2\/tags?post=149538"}],"curies":[{"name":"wp","href":"https:\/\/api.w.org\/{rel}","templated":true}]}}