{"id":148453,"date":"2020-10-06T14:23:47","date_gmt":"2020-10-06T12:23:47","guid":{"rendered":"https:\/\/polishscience.pl\/?p=148453"},"modified":"2020-10-06T14:23:47","modified_gmt":"2020-10-06T12:23:47","slug":"le-congres-de-la-culture-chretienne-a-luniversite-catholique-de-lublin","status":"publish","type":"post","link":"https:\/\/www.polishscience.pl\/fr\/le-congres-de-la-culture-chretienne-a-luniversite-catholique-de-lublin\/","title":{"rendered":"Le Congr\u00e8s de la Culture Chr\u00e9tienne \u00e0 l&rsquo;Universit\u00e9 Catholique de Lublin"},"content":{"rendered":"<p><strong>Pour la sixi\u00e8me fois, le Congr\u00e8s de la Culture Chr\u00e9tienne aura lieu \u00e0 l&rsquo;Universit\u00e9 Catholique de Lublin (KUL). Le Congr\u00e8s est une rencontre d&rsquo;intellectuels et de personnes de culture, qui se tient p\u00e9riodiquement depuis 2000. Il se tiendra du 15 au 18 octobre sous le th\u00e8me \u00ab\u00a0Les espaces de dialogue\u00a0\u00bb. Les inspirations chr\u00e9tiennes de la culture de la rencontre\u00a0\u00bb.<\/strong><\/p>\n<p>Le riche programme du Congr\u00e8s consistera en des conf\u00e9rences, des d\u00e9bats et des \u00e9v\u00e9nements culturels. La conf\u00e9rence inaugurale du jeudi 15 octobre sera donn\u00e9e par le pr\u00e9sident du Conseil pontifical pour la promotion de l&rsquo;unit\u00e9 des chr\u00e9tiens, le cardinal Kurt Koch. Son th\u00e8me sera \u00ab\u00a0Les inspirations chr\u00e9tiennes pour la culture du dialogue et de la rencontre\u00a0\u00bb. Le lendemain, il recevra le titre doctorat honoris causa de l&rsquo;Universit\u00e9 Catholique de Lublin et c\u00e9l\u00e9brera l&rsquo;Eucharistie dans l&rsquo;\u00e9glise acad\u00e9mique. Avec des repr\u00e9sentants de l&rsquo;orthodoxie et du protestantisme, il participera au panel \u00ab\u00a0Les \u00e9glises en dialogue\u00a0\u00bb.<\/p>\n<p>Il y a \u00e9galement des panels dans le programme du Congr\u00e8s : \u00ab\u00a0Le dialogue comme principe dans la vie et l&rsquo;enseignement de Jean-Paul II et du cardinal Stefan Wyszy\u0144ski\u00a0\u00bb et \u00ab\u00a0Le monde apr\u00e8s la pand\u00e9mie de coronavirus\u00a0\u00bb et une discussion sur l&rsquo;h\u00e9ritage commun de l&rsquo;Est et de l&rsquo;Ouest avec la participation de l&rsquo;archev\u00eaque Tadeusz Kondrusiewicz.<\/p>\n","protected":false},"excerpt":{"rendered":"<p>Pour la sixi\u00e8me fois, le Congr\u00e8s de la Culture Chr\u00e9tienne aura lieu \u00e0 l&rsquo;Universit\u00e9 Catholique de Lublin (KUL). Le Congr\u00e8s est une rencontre d&rsquo;intellectuels et de personnes de culture, qui se tient p\u00e9riodiquement depuis 2000. Il se tiendra du 15 au 18 octobre sous le th\u00e8me \u00ab\u00a0Les espaces de dialogue\u00a0\u00bb. Les inspirations chr\u00e9tiennes de la [&hellip;]<\/p>\n","protected":false},"author":11,"featured_media":0,"comment_status":"closed","ping_status":"closed","sticky":false,"template":"","format":"standard","meta":[],"categories":[41],"tags":[],"_links":{"self":[{"href":"https:\/\/www.polishscience.pl\/fr\/wp-json\/wp\/v2\/posts\/148453"}],"collection":[{"href":"https:\/\/www.polishscience.pl\/fr\/wp-json\/wp\/v2\/posts"}],"about":[{"href":"https:\/\/www.polishscience.pl\/fr\/wp-json\/wp\/v2\/types\/post"}],"author":[{"embeddable":true,"href":"https:\/\/www.polishscience.pl\/fr\/wp-json\/wp\/v2\/users\/11"}],"replies":[{"embeddable":true,"href":"https:\/\/www.polishscience.pl\/fr\/wp-json\/wp\/v2\/comments?post=148453"}],"version-history":[{"count":0,"href":"https:\/\/www.polishscience.pl\/fr\/wp-json\/wp\/v2\/posts\/148453\/revisions"}],"wp:attachment":[{"href":"https:\/\/www.polishscience.pl\/fr\/wp-json\/wp\/v2\/media?parent=148453"}],"wp:term":[{"taxonomy":"category","embeddable":true,"href":"https:\/\/www.polishscience.pl\/fr\/wp-json\/wp\/v2\/categories?post=148453"},{"taxonomy":"post_tag","embeddable":true,"href":"https:\/\/www.polishscience.pl\/fr\/wp-json\/wp\/v2\/tags?post=148453"}],"curies":[{"name":"wp","href":"https:\/\/api.w.org\/{rel}","templated":true}]}}