{"id":148000,"date":"2020-10-02T15:57:57","date_gmt":"2020-10-02T13:57:57","guid":{"rendered":"https:\/\/polishscience.pl\/?p=148000"},"modified":"2020-10-02T15:57:57","modified_gmt":"2020-10-02T13:57:57","slug":"la-conference-ethnographie-translationnelle-la-cognition-et-la-praxis-dans-le-monde-plus-quhumain-a-wroclaw","status":"publish","type":"post","link":"https:\/\/www.polishscience.pl\/fr\/la-conference-ethnographie-translationnelle-la-cognition-et-la-praxis-dans-le-monde-plus-quhumain-a-wroclaw\/","title":{"rendered":"La conf\u00e9rence \u00ab\u00a0Ethnographie translationnelle. La cognition et la praxis dans le monde plus qu&rsquo;humain\u00a0\u00bb \u00e0 Wroclaw"},"content":{"rendered":"<p><strong>Le D\u00e9partement d&rsquo;Ethnologie et d&rsquo;Anthropologie Culturelle de l&rsquo;Universit\u00e9 de Wroc\u0142aw \u00a0invite \u00e0 une conf\u00e9rence scientifique \u00ab\u00a0L\u2019ethnographie trans-relationnelle. La cognition et la praxis dans un monde plus qu&rsquo;humain\u00a0\u00bb.<\/strong><\/p>\n<p>La conf\u00e9rence doit \u00eatre un espace de discussion et un forum d&rsquo;\u00e9change d&rsquo;exp\u00e9riences et de r\u00e9flexion entre ethnologues et \u00a0anthropologues et repr\u00e9sentantes et repr\u00e9sentants des sciences sociales et des nouvelles sciences humaines, ainsi que des repr\u00e9sentants d&rsquo;organisations non gouvernementales et d&rsquo;institutions li\u00e9es \u00e0 la politique climatique et environnementale au sens large.<\/p>\n<p>Les organisateurs invitent les chercheurs qui voient dans la r\u00e9alit\u00e9 et r\u00e9fl\u00e9chissent scientifiquement sur des domaines de recherche compos\u00e9s de personnes et de non-humains, d&rsquo;\u00eatres mat\u00e9riels, d&rsquo;environnement, de climat, d&rsquo;atmosph\u00e8re, de processus socioculturels, de technologie, \u00e0 discuter de la transrelativit\u00e9 au sens large afin d&rsquo;expliquer les multiples connexions et interd\u00e9pendances de ces domaines &#8211; lit-on dans l&rsquo;invitation.<\/p>\n<p>Pour en savoir plus : <a href=\"https:\/\/etnografia.systemcoffee.pl\/\">https:\/\/etnografia.systemcoffee.pl\/<\/a><\/p>\n","protected":false},"excerpt":{"rendered":"<p>Le D\u00e9partement d&rsquo;Ethnologie et d&rsquo;Anthropologie Culturelle de l&rsquo;Universit\u00e9 de Wroc\u0142aw \u00a0invite \u00e0 une conf\u00e9rence scientifique \u00ab\u00a0L\u2019ethnographie trans-relationnelle. La cognition et la praxis dans un monde plus qu&rsquo;humain\u00a0\u00bb. La conf\u00e9rence doit \u00eatre un espace de discussion et un forum d&rsquo;\u00e9change d&rsquo;exp\u00e9riences et de r\u00e9flexion entre ethnologues et \u00a0anthropologues et repr\u00e9sentantes et repr\u00e9sentants des sciences sociales et [&hellip;]<\/p>\n","protected":false},"author":11,"featured_media":0,"comment_status":"closed","ping_status":"closed","sticky":false,"template":"","format":"standard","meta":[],"categories":[41,37],"tags":[],"_links":{"self":[{"href":"https:\/\/www.polishscience.pl\/fr\/wp-json\/wp\/v2\/posts\/148000"}],"collection":[{"href":"https:\/\/www.polishscience.pl\/fr\/wp-json\/wp\/v2\/posts"}],"about":[{"href":"https:\/\/www.polishscience.pl\/fr\/wp-json\/wp\/v2\/types\/post"}],"author":[{"embeddable":true,"href":"https:\/\/www.polishscience.pl\/fr\/wp-json\/wp\/v2\/users\/11"}],"replies":[{"embeddable":true,"href":"https:\/\/www.polishscience.pl\/fr\/wp-json\/wp\/v2\/comments?post=148000"}],"version-history":[{"count":0,"href":"https:\/\/www.polishscience.pl\/fr\/wp-json\/wp\/v2\/posts\/148000\/revisions"}],"wp:attachment":[{"href":"https:\/\/www.polishscience.pl\/fr\/wp-json\/wp\/v2\/media?parent=148000"}],"wp:term":[{"taxonomy":"category","embeddable":true,"href":"https:\/\/www.polishscience.pl\/fr\/wp-json\/wp\/v2\/categories?post=148000"},{"taxonomy":"post_tag","embeddable":true,"href":"https:\/\/www.polishscience.pl\/fr\/wp-json\/wp\/v2\/tags?post=148000"}],"curies":[{"name":"wp","href":"https:\/\/api.w.org\/{rel}","templated":true}]}}