{"id":147996,"date":"2020-10-02T15:57:51","date_gmt":"2020-10-02T13:57:51","guid":{"rendered":"https:\/\/polishscience.pl\/?p=147996"},"modified":"2020-10-02T15:57:51","modified_gmt":"2020-10-02T13:57:51","slug":"przemyslaw-czarnek-deviendra-le-nouveau-ministre-de-leducation-et-des-sciences","status":"publish","type":"post","link":"https:\/\/www.polishscience.pl\/fr\/przemyslaw-czarnek-deviendra-le-nouveau-ministre-de-leducation-et-des-sciences\/","title":{"rendered":"Przemys\u0142aw  Czarnek deviendra le nouveau Ministre de l&rsquo;\u00c9ducation et des Sciences"},"content":{"rendered":"<p class=\"Standard\"><strong><span lang=\"EN-US\" style=\"font-family: 'Times New Roman',serif;\">Suite \u00e0 la reconstruction du gouvernement polonais, le Minist\u00e8re de l&rsquo;\u00c9ducation Nationale et celui des Sciences et de l&rsquo;Enseignement Sup\u00e9rieur seront fusionn\u00e9s. Le nouveau Ministre de l&rsquo;\u00c9ducation et des Sciences sera le docteur d\u2019\u00c9tat en droit Przemys\u0142aw Czarnek, professeur \u00e0 l&rsquo;Universit\u00e9 Catholique de Lublin (KUL).<\/span><\/strong><\/p>\n<p class=\"Standard\"><span lang=\"EN-US\" style=\"font-family: 'Times New Roman',serif;\">Le nouveau ministre est dipl\u00f4m\u00e9 de la Facult\u00e9 de Droit, de Droit Canonique et d&rsquo;Administration de l&rsquo;Universit\u00e9 Catholique de Lublin. <\/span><\/p>\n<p class=\"Standard\"><span lang=\"EN-US\" style=\"font-family: 'Times New Roman',serif;\">En 2003, il a \u00e9t\u00e9 employ\u00e9 comme assistant au D\u00e9partement de Droit Constitutionnel de l&rsquo;Universit\u00e9 Catholique de Lublin. Il a \u00e9galement donn\u00e9 des conf\u00e9rences \u00e0 l&rsquo;Acad\u00e9mie Leon Ko\u017ami\u0144ski \u00e0 Varsovie et \u00e0 l&rsquo;\u00c9cole Sup\u00e9rieure de Commerce de Radom. Il a coop\u00e9r\u00e9 avec plusieurs cabinets d&rsquo;avocats et de conseillers juridiques, fournissant des services juridiques aux unit\u00e9s gouvernementales locales dans la r\u00e9gion de Lublin.<\/span><\/p>\n<p class=\"Standard\"><span lang=\"EN-US\" style=\"font-family: 'Times New Roman',serif;\">En 2006, il a obtenu le dipl\u00f4me de docteur en droit sur la base de la th\u00e8se intitul\u00e9e \u00ab\u00a0Les principes de l&rsquo;\u00c9tat de droit et de la justice sociale dans la pratique du syst\u00e8me politique de la troisi\u00e8me R\u00e9publique de Pologne\u00a0\u00bb. Il a \u00e9t\u00e9 docteur d\u2019\u00c9tat en 2015 sur la base de ses r\u00e9alisations scientifiques et d&rsquo;une th\u00e8se intitul\u00e9e \u00ab\u00a0La libert\u00e9 \u00e9conomique\u00a0\u00bb. Le premier pilier de l&rsquo;\u00e9conomie sociale de march\u00e9.<\/span><\/p>\n<p class=\"Standard\"><span lang=\"EN-US\" style=\"font-family: 'Times New Roman',serif;\">Dans les ann\u00e9es 2015-2019, il \u00e9tait le vo\u00efvode de Lublin. Depuis 2019, il est membre du Parlement.<\/span><\/p>\n","protected":false},"excerpt":{"rendered":"<p>Suite \u00e0 la reconstruction du gouvernement polonais, le Minist\u00e8re de l&rsquo;\u00c9ducation Nationale et celui des Sciences et de l&rsquo;Enseignement Sup\u00e9rieur seront fusionn\u00e9s. Le nouveau Ministre de l&rsquo;\u00c9ducation et des Sciences sera le docteur d\u2019\u00c9tat en droit Przemys\u0142aw Czarnek, professeur \u00e0 l&rsquo;Universit\u00e9 Catholique de Lublin (KUL). Le nouveau ministre est dipl\u00f4m\u00e9 de la Facult\u00e9 de Droit, [&hellip;]<\/p>\n","protected":false},"author":11,"featured_media":0,"comment_status":"closed","ping_status":"closed","sticky":false,"template":"","format":"standard","meta":[],"categories":[35],"tags":[],"_links":{"self":[{"href":"https:\/\/www.polishscience.pl\/fr\/wp-json\/wp\/v2\/posts\/147996"}],"collection":[{"href":"https:\/\/www.polishscience.pl\/fr\/wp-json\/wp\/v2\/posts"}],"about":[{"href":"https:\/\/www.polishscience.pl\/fr\/wp-json\/wp\/v2\/types\/post"}],"author":[{"embeddable":true,"href":"https:\/\/www.polishscience.pl\/fr\/wp-json\/wp\/v2\/users\/11"}],"replies":[{"embeddable":true,"href":"https:\/\/www.polishscience.pl\/fr\/wp-json\/wp\/v2\/comments?post=147996"}],"version-history":[{"count":0,"href":"https:\/\/www.polishscience.pl\/fr\/wp-json\/wp\/v2\/posts\/147996\/revisions"}],"wp:attachment":[{"href":"https:\/\/www.polishscience.pl\/fr\/wp-json\/wp\/v2\/media?parent=147996"}],"wp:term":[{"taxonomy":"category","embeddable":true,"href":"https:\/\/www.polishscience.pl\/fr\/wp-json\/wp\/v2\/categories?post=147996"},{"taxonomy":"post_tag","embeddable":true,"href":"https:\/\/www.polishscience.pl\/fr\/wp-json\/wp\/v2\/tags?post=147996"}],"curies":[{"name":"wp","href":"https:\/\/api.w.org\/{rel}","templated":true}]}}