{"id":147386,"date":"2020-09-29T12:49:50","date_gmt":"2020-09-29T10:49:50","guid":{"rendered":"https:\/\/polishscience.pl\/?p=147386"},"modified":"2020-09-29T12:49:50","modified_gmt":"2020-09-29T10:49:50","slug":"luniversite-des-sciences-et-technologies-agh-est-cofondatrice-luniversite-europeenne-spatiale","status":"publish","type":"post","link":"https:\/\/www.polishscience.pl\/fr\/luniversite-des-sciences-et-technologies-agh-est-cofondatrice-luniversite-europeenne-spatiale\/","title":{"rendered":"L&rsquo;Universit\u00e9 des Sciences et Technologies AGH est cofondatrice l&rsquo;Universit\u00e9 Europ\u00e9enne Spatiale"},"content":{"rendered":"<p class=\"Standard\"><strong><span lang=\"EN-US\" style=\"font-family: 'Times New Roman',serif;\">L&rsquo;Universit\u00e9 des Sciences et Technologies AGH de Cracovie, en collaboration avec des universit\u00e9s d&rsquo;Allemagne, de France, du Luxembourg et de Su\u00e8de, va cr\u00e9er l&rsquo;Universit\u00e9 Europ\u00e9enne Spatiale &#8211; a inform\u00e9 le professeur Jerzy Lis, recteur de l&rsquo;Universit\u00e9 des sciences et Technologies AGH.<\/span><\/strong><\/p>\n<p class=\"Standard\"><span lang=\"EN-US\" style=\"font-family: 'Times New Roman',serif;\">Le recteur de l&rsquo;Universit\u00e9 des Sciences et Technologies AGH en a parl\u00e9 lors du panel \u00ab\u00a0La transformation des universit\u00e9s : \u00e0 quoi ressembleront les universit\u00e9s polonaises du futur\u00a0\u00bb, qui s&rsquo;est tenu lors du congr\u00e8s Impact&rsquo;20 Connected Edition organis\u00e9 par Metropolis GZM.<\/span><\/p>\n<p class=\"Standard\"><span lang=\"EN-US\" style=\"font-family: 'Times New Roman',serif;\">Il est le r\u00e9sultat de la victoire au concours \u00ab\u00a0Les universit\u00e9s europ\u00e9ennes\u00a0\u00bb de la Commission Europ\u00e9enne du consortium appel\u00e9 \u00ab\u00a0L\u2019Universit\u00e9 Europ\u00e9enne Spatiale pour la Terre et l&rsquo;humanit\u00e9\u00a0\u00bb UNIVERSEH, qui est compos\u00e9 de l&rsquo;Universit\u00e9 des Sciences et Technologies AGH : l\u2019Universit\u00e9 de Toulouse (France), l\u2019Universit\u00e9 du Luxembourg (Luxembourg), l\u2019Universit\u00e9 Heinrich Heine de D\u00fcsseldorf (Allemagne) et l\u2019Universit\u00e9 technique de Lule\u00e5 (Su\u00e8de).<\/span><\/p>\n<p class=\"Standard\"><span lang=\"EN-US\" style=\"font-family: 'Times New Roman',serif;\">La coop\u00e9ration internationale en mati\u00e8re de recherche spatiale est actuellement l&rsquo;une des priorit\u00e9s de la recherche. Ce projet de recherche vise \u00e0 \u00e9largir les connaissances en mati\u00e8re de technologie spatiale\u00a0\u00bb, a d\u00e9clar\u00e9 le recteur de l&rsquo;Universit\u00e9 des Sciences et Technologies AGH.<\/span><\/p>\n","protected":false},"excerpt":{"rendered":"<p>L&rsquo;Universit\u00e9 des Sciences et Technologies AGH de Cracovie, en collaboration avec des universit\u00e9s d&rsquo;Allemagne, de France, du Luxembourg et de Su\u00e8de, va cr\u00e9er l&rsquo;Universit\u00e9 Europ\u00e9enne Spatiale &#8211; a inform\u00e9 le professeur Jerzy Lis, recteur de l&rsquo;Universit\u00e9 des sciences et Technologies AGH. Le recteur de l&rsquo;Universit\u00e9 des Sciences et Technologies AGH en a parl\u00e9 lors du [&hellip;]<\/p>\n","protected":false},"author":11,"featured_media":0,"comment_status":"closed","ping_status":"closed","sticky":false,"template":"","format":"standard","meta":[],"categories":[35],"tags":[],"_links":{"self":[{"href":"https:\/\/www.polishscience.pl\/fr\/wp-json\/wp\/v2\/posts\/147386"}],"collection":[{"href":"https:\/\/www.polishscience.pl\/fr\/wp-json\/wp\/v2\/posts"}],"about":[{"href":"https:\/\/www.polishscience.pl\/fr\/wp-json\/wp\/v2\/types\/post"}],"author":[{"embeddable":true,"href":"https:\/\/www.polishscience.pl\/fr\/wp-json\/wp\/v2\/users\/11"}],"replies":[{"embeddable":true,"href":"https:\/\/www.polishscience.pl\/fr\/wp-json\/wp\/v2\/comments?post=147386"}],"version-history":[{"count":0,"href":"https:\/\/www.polishscience.pl\/fr\/wp-json\/wp\/v2\/posts\/147386\/revisions"}],"wp:attachment":[{"href":"https:\/\/www.polishscience.pl\/fr\/wp-json\/wp\/v2\/media?parent=147386"}],"wp:term":[{"taxonomy":"category","embeddable":true,"href":"https:\/\/www.polishscience.pl\/fr\/wp-json\/wp\/v2\/categories?post=147386"},{"taxonomy":"post_tag","embeddable":true,"href":"https:\/\/www.polishscience.pl\/fr\/wp-json\/wp\/v2\/tags?post=147386"}],"curies":[{"name":"wp","href":"https:\/\/api.w.org\/{rel}","templated":true}]}}