{"id":146868,"date":"2020-09-24T15:12:25","date_gmt":"2020-09-24T13:12:25","guid":{"rendered":"https:\/\/polishscience.pl\/?p=146868"},"modified":"2020-09-24T16:13:55","modified_gmt":"2020-09-24T14:13:55","slug":"la-conference-sur-la-securite-des-pays-europeens-a-slupsk","status":"publish","type":"post","link":"https:\/\/www.polishscience.pl\/fr\/la-conference-sur-la-securite-des-pays-europeens-a-slupsk\/","title":{"rendered":"La conference sur la s\u00e9curit\u00e9 des pays europ\u00e9ens \u00e0  Slupsk"},"content":{"rendered":"<p class=\"Standard\"><strong><span lang=\"EN-US\" style=\"font-family: 'Times New Roman',serif;\">Le D\u00e9partement de la S\u00e9curit\u00e9 de l&rsquo;Institut National de S\u00e9curit\u00e9 et de Gestion de l&rsquo;Acad\u00e9mie de Pom\u00e9ranie \u00e0 Slupsk invite \u00e0 la 6e Conf\u00e9rence Scientifique Internationale \u00ab\u00a0La s\u00e9curit\u00e9 des pays d&rsquo;Europe centrale et orientale dans le contexte des menaces transfrontali\u00e8res pour la s\u00e9curit\u00e9\u00a0\u00bb.<\/span><\/strong><\/p>\n<p class=\"Standard\"><span lang=\"EN-US\" style=\"font-family: 'Times New Roman',serif;\">L&rsquo;objectif de la conf\u00e9rence pr\u00e9vue les 26 et 27 novembre est de cr\u00e9er un forum de discussion interdisciplinaire sur les menaces transfrontali\u00e8res pour la s\u00e9curit\u00e9 de l&rsquo;Europe centrale et orientale dans les domaines institutionnel, juridique, politique, \u00e9cologique, social, \u00e9conomique, les menaces terroristes, les armes de destruction massive et la protection des fronti\u00e8res \u00e0 diff\u00e9rents niveaux &#8211; de la s\u00e9curit\u00e9 nationale \u00e0 la s\u00e9curit\u00e9 r\u00e9gionale et internationale.<\/span><\/p>\n<p class=\"Standard\"><span lang=\"EN-US\" style=\"font-family: 'Times New Roman',serif;\">La conf\u00e9rence sera l&rsquo;occasion d&rsquo;\u00e9changer les connaissances, les points de vue, les exp\u00e9riences et les opinions de la communaut\u00e9 universitaire et des praticiens et de tous ceux pour qui les questions de menaces transfrontali\u00e8res sont un point de r\u00e9f\u00e9rence important dans les activit\u00e9s scientifiques et de recherche &#8211; informe l&rsquo;universit\u00e9.<\/span><\/p>\n<p class=\"Standard\"><span lang=\"EN-US\" style=\"font-family: 'Times New Roman',serif;\">En savoir plus : <a href=\"https:\/\/www.apsl.edu.pl\/aktualnosci-serwisu\/vi-miedzynarodowa-konferencja-naukowa-pn.-bezpieczenstwo-panstw-europy-srodkowej-i-wschodniej-w-kontekscie-transgranicznych-zagrozen-bezpieczenstwa\">https:\/\/www.apsl.edu.pl\/aktualnosci-serwisu\/vi-miedzynarodowa-konferencja-naukowa-pn.-bezpieczenstwo-panstw-europy-srodkowej-i-wschodniej-w-kontekscie-transgranicznych-zagrozen-bezpieczenstwa<\/a><\/span><\/p>\n","protected":false},"excerpt":{"rendered":"<p>Le D\u00e9partement de la S\u00e9curit\u00e9 de l&rsquo;Institut National de S\u00e9curit\u00e9 et de Gestion de l&rsquo;Acad\u00e9mie de Pom\u00e9ranie \u00e0 Slupsk invite \u00e0 la 6e Conf\u00e9rence Scientifique Internationale \u00ab\u00a0La s\u00e9curit\u00e9 des pays d&rsquo;Europe centrale et orientale dans le contexte des menaces transfrontali\u00e8res pour la s\u00e9curit\u00e9\u00a0\u00bb. L&rsquo;objectif de la conf\u00e9rence pr\u00e9vue les 26 et 27 novembre est de [&hellip;]<\/p>\n","protected":false},"author":11,"featured_media":0,"comment_status":"closed","ping_status":"closed","sticky":false,"template":"","format":"standard","meta":[],"categories":[41],"tags":[],"_links":{"self":[{"href":"https:\/\/www.polishscience.pl\/fr\/wp-json\/wp\/v2\/posts\/146868"}],"collection":[{"href":"https:\/\/www.polishscience.pl\/fr\/wp-json\/wp\/v2\/posts"}],"about":[{"href":"https:\/\/www.polishscience.pl\/fr\/wp-json\/wp\/v2\/types\/post"}],"author":[{"embeddable":true,"href":"https:\/\/www.polishscience.pl\/fr\/wp-json\/wp\/v2\/users\/11"}],"replies":[{"embeddable":true,"href":"https:\/\/www.polishscience.pl\/fr\/wp-json\/wp\/v2\/comments?post=146868"}],"version-history":[{"count":0,"href":"https:\/\/www.polishscience.pl\/fr\/wp-json\/wp\/v2\/posts\/146868\/revisions"}],"wp:attachment":[{"href":"https:\/\/www.polishscience.pl\/fr\/wp-json\/wp\/v2\/media?parent=146868"}],"wp:term":[{"taxonomy":"category","embeddable":true,"href":"https:\/\/www.polishscience.pl\/fr\/wp-json\/wp\/v2\/categories?post=146868"},{"taxonomy":"post_tag","embeddable":true,"href":"https:\/\/www.polishscience.pl\/fr\/wp-json\/wp\/v2\/tags?post=146868"}],"curies":[{"name":"wp","href":"https:\/\/api.w.org\/{rel}","templated":true}]}}