{"id":146861,"date":"2020-09-24T16:11:40","date_gmt":"2020-09-24T14:11:40","guid":{"rendered":"https:\/\/polishscience.pl\/?p=146861"},"modified":"2020-09-24T16:11:40","modified_gmt":"2020-09-24T14:11:40","slug":"le-projet-generation-data-mene-sous-la-presidence-de-luniversite-de-szczecin-arrive-a-son-terme","status":"publish","type":"post","link":"https:\/\/www.polishscience.pl\/fr\/le-projet-generation-data-mene-sous-la-presidence-de-luniversite-de-szczecin-arrive-a-son-terme\/","title":{"rendered":"Le projet Generation Data, men\u00e9 sous la pr\u00e9sidence de l&rsquo;Universit\u00e9 de Szczecin, arrive \u00e0 son terme"},"content":{"rendered":"<p class=\"Standard\"><strong><span lang=\"EN-US\" style=\"font-family: 'Times New Roman',serif;\">Le projet Generation Data, men\u00e9 par l&rsquo;Universit\u00e9 de Szczecin, dans le cadre du programme Erasmus+, par des partenaires et des experts de Pologne, de Belgique, de Lituanie, d&rsquo;Espagne, du Danemark et d&rsquo;Irlande, arrive \u00e0 son terme, informe l&rsquo;universit\u00e9.<\/span><\/strong><\/p>\n<p class=\"Standard\"><span lang=\"EN-US\" style=\"font-family: 'Times New Roman',serif;\">L&rsquo;objectif du projet \u00e9tait de fournir des connaissances dans le domaine des comp\u00e9tences en gestion des donn\u00e9es : l\u2019analyse, l\u2019\u00e9valuation des capacit\u00e9s, la recherche et la pens\u00e9e logique. Gr\u00e2ce \u00e0 cela, il a \u00e9t\u00e9 possible d&rsquo;am\u00e9liorer la capacit\u00e9 des employ\u00e9s des \u00e9tablissements d&rsquo;enseignement sup\u00e9rieur non seulement \u00e0 comprendre mais aussi \u00e0 enseigner aux \u00e9tudiants des comp\u00e9tences modernes en mati\u00e8re de donn\u00e9es. <\/span><\/p>\n<p class=\"Standard\"><span lang=\"EN-US\" style=\"font-family: 'Times New Roman',serif;\">Gr\u00e2ce aux activit\u00e9s des partenaires, les g\u00e9n\u00e9rations d&rsquo;\u00e9tudiants actuelles et futures ont eu acc\u00e8s \u00e0 une m\u00e9thode efficace et pratique pour apprendre \u00e0 g\u00e9rer et \u00e0 analyser des donn\u00e9es. Ces connaissances doivent se traduire par des qualifications plus \u00e9lev\u00e9es des employ\u00e9s sur le march\u00e9 du travail, un meilleur d\u00e9veloppement des entreprises, mais aussi un niveau plus \u00e9lev\u00e9 de comp\u00e9tences num\u00e9riques chez les employ\u00e9s du secteur de l&rsquo;enseignement sup\u00e9rieur.<\/span><\/p>\n<p class=\"Standard\"><span lang=\"EN-US\" style=\"font-family: 'Times New Roman',serif;\">En savoir plus : <a href=\"https:\/\/usz.edu.pl\/generation-data-za-chwile-zakonczenie-projektu\/\">https:\/\/usz.edu.pl\/generation-data-za-chwile-zakonczenie-projektu\/<\/a><\/span><\/p>\n","protected":false},"excerpt":{"rendered":"<p>Le projet Generation Data, men\u00e9 par l&rsquo;Universit\u00e9 de Szczecin, dans le cadre du programme Erasmus+, par des partenaires et des experts de Pologne, de Belgique, de Lituanie, d&rsquo;Espagne, du Danemark et d&rsquo;Irlande, arrive \u00e0 son terme, informe l&rsquo;universit\u00e9. L&rsquo;objectif du projet \u00e9tait de fournir des connaissances dans le domaine des comp\u00e9tences en gestion des donn\u00e9es [&hellip;]<\/p>\n","protected":false},"author":11,"featured_media":0,"comment_status":"closed","ping_status":"closed","sticky":false,"template":"","format":"standard","meta":[],"categories":[35],"tags":[],"_links":{"self":[{"href":"https:\/\/www.polishscience.pl\/fr\/wp-json\/wp\/v2\/posts\/146861"}],"collection":[{"href":"https:\/\/www.polishscience.pl\/fr\/wp-json\/wp\/v2\/posts"}],"about":[{"href":"https:\/\/www.polishscience.pl\/fr\/wp-json\/wp\/v2\/types\/post"}],"author":[{"embeddable":true,"href":"https:\/\/www.polishscience.pl\/fr\/wp-json\/wp\/v2\/users\/11"}],"replies":[{"embeddable":true,"href":"https:\/\/www.polishscience.pl\/fr\/wp-json\/wp\/v2\/comments?post=146861"}],"version-history":[{"count":0,"href":"https:\/\/www.polishscience.pl\/fr\/wp-json\/wp\/v2\/posts\/146861\/revisions"}],"wp:attachment":[{"href":"https:\/\/www.polishscience.pl\/fr\/wp-json\/wp\/v2\/media?parent=146861"}],"wp:term":[{"taxonomy":"category","embeddable":true,"href":"https:\/\/www.polishscience.pl\/fr\/wp-json\/wp\/v2\/categories?post=146861"},{"taxonomy":"post_tag","embeddable":true,"href":"https:\/\/www.polishscience.pl\/fr\/wp-json\/wp\/v2\/tags?post=146861"}],"curies":[{"name":"wp","href":"https:\/\/api.w.org\/{rel}","templated":true}]}}