{"id":146859,"date":"2020-09-24T13:06:45","date_gmt":"2020-09-24T11:06:45","guid":{"rendered":"https:\/\/polishscience.pl\/?p=146859"},"modified":"2020-09-24T14:07:12","modified_gmt":"2020-09-24T12:07:12","slug":"le-iiie-forum-national-des-jeunes-criminologues-a-bialystok","status":"publish","type":"post","link":"https:\/\/www.polishscience.pl\/fr\/le-iiie-forum-national-des-jeunes-criminologues-a-bialystok\/","title":{"rendered":"Le IIIe Forum National des Jeunes Criminologues \u00e0 Bia\u0142ystok"},"content":{"rendered":"<p class=\"Standard\"><strong><span lang=\"EN-US\" style=\"font-family: 'Times New Roman',serif;\">Le 23 septembre, le troisi\u00e8me Forum National des Jeunes Criminologues a d\u00e9but\u00e9 \u00e0 Bia\u0142ystok. La conf\u00e9rence est organis\u00e9e par le D\u00e9partement de Droit P\u00e9nal et de Criminologie de la Facult\u00e9 de Droit de l&rsquo;Universit\u00e9 de Bia\u0142ystok (UwB). Pendant trois jours, de jeunes chercheurs discuteront des crimes contre les monuments, de la maltraitance des animaux et du sort des criminels \u00e0 la retraite.<\/span><\/strong><\/p>\n<p class=\"Standard\"><span lang=\"EN-US\" style=\"font-family: 'Times New Roman',serif;\">L&rsquo;objectif de la conf\u00e9rence est d&rsquo;int\u00e9grer un groupe de jeunes scientifiques (dont des juristes, des criminologues, des sociologues, des \u00e9ducateurs) repr\u00e9sentant divers domaines de connaissances et de cr\u00e9er un lieu o\u00f9 ils pourront \u00e9changer des informations, des exp\u00e9riences et des r\u00e9sultats de recherche dans le domaine du droit et de la criminologie &#8211; informe l\u2019UwB.<\/span><\/p>\n<p class=\"Standard\"><span lang=\"EN-US\" style=\"font-family: 'Times New Roman',serif;\">Le Forum est la premi\u00e8re plateforme en Pologne pour l&rsquo;\u00e9change d&rsquo;exp\u00e9riences non seulement entre jeunes scientifiques, mais aussi entre repr\u00e9sentants de la pratique, y compris, entre autres, des avocats, des juges, des repr\u00e9sentants des services r\u00e9pressifs et du pouvoir judiciaire \u2013 a soulign\u00e9 le Dr Diana Dajnowicz-Piesiecka, coordinatrice de l&rsquo;\u00e9dition de cette ann\u00e9e du Forum.<\/span><\/p>\n","protected":false},"excerpt":{"rendered":"<p>Le 23 septembre, le troisi\u00e8me Forum National des Jeunes Criminologues a d\u00e9but\u00e9 \u00e0 Bia\u0142ystok. La conf\u00e9rence est organis\u00e9e par le D\u00e9partement de Droit P\u00e9nal et de Criminologie de la Facult\u00e9 de Droit de l&rsquo;Universit\u00e9 de Bia\u0142ystok (UwB). Pendant trois jours, de jeunes chercheurs discuteront des crimes contre les monuments, de la maltraitance des animaux et [&hellip;]<\/p>\n","protected":false},"author":11,"featured_media":0,"comment_status":"closed","ping_status":"closed","sticky":false,"template":"","format":"standard","meta":[],"categories":[41],"tags":[],"_links":{"self":[{"href":"https:\/\/www.polishscience.pl\/fr\/wp-json\/wp\/v2\/posts\/146859"}],"collection":[{"href":"https:\/\/www.polishscience.pl\/fr\/wp-json\/wp\/v2\/posts"}],"about":[{"href":"https:\/\/www.polishscience.pl\/fr\/wp-json\/wp\/v2\/types\/post"}],"author":[{"embeddable":true,"href":"https:\/\/www.polishscience.pl\/fr\/wp-json\/wp\/v2\/users\/11"}],"replies":[{"embeddable":true,"href":"https:\/\/www.polishscience.pl\/fr\/wp-json\/wp\/v2\/comments?post=146859"}],"version-history":[{"count":0,"href":"https:\/\/www.polishscience.pl\/fr\/wp-json\/wp\/v2\/posts\/146859\/revisions"}],"wp:attachment":[{"href":"https:\/\/www.polishscience.pl\/fr\/wp-json\/wp\/v2\/media?parent=146859"}],"wp:term":[{"taxonomy":"category","embeddable":true,"href":"https:\/\/www.polishscience.pl\/fr\/wp-json\/wp\/v2\/categories?post=146859"},{"taxonomy":"post_tag","embeddable":true,"href":"https:\/\/www.polishscience.pl\/fr\/wp-json\/wp\/v2\/tags?post=146859"}],"curies":[{"name":"wp","href":"https:\/\/api.w.org\/{rel}","templated":true}]}}