{"id":146095,"date":"2020-09-18T12:06:00","date_gmt":"2020-09-18T10:06:00","guid":{"rendered":"https:\/\/polishscience.pl\/?p=146095"},"modified":"2020-09-18T12:06:00","modified_gmt":"2020-09-18T10:06:00","slug":"la-viie-conference-scientifique-nationale-polonaise-intitulee-les-innovations-dans-la-pratique-a-lublin","status":"publish","type":"post","link":"https:\/\/www.polishscience.pl\/fr\/la-viie-conference-scientifique-nationale-polonaise-intitulee-les-innovations-dans-la-pratique-a-lublin\/","title":{"rendered":"La VIIe Conf\u00e9rence Scientifique Nationale Polonaise intitul\u00e9e \u00ab\u00a0Les innovations dans la pratique\u00a0\u00bb \u00e0 Lublin"},"content":{"rendered":"<p class=\"Standard\"><span lang=\"EN-US\" style=\"font-family: 'Times New Roman',serif;\"><strong>La filiale de Lublin de l&rsquo;Acad\u00e9mie Polonaise des Sciences et le Centre pour l&rsquo;Innovation Scientifique et \u00c9ducative organisent les 15 et 16 octobre 2020 la VIIe Conf\u00e9rence Scientifique Nationale Polonaise intitul\u00e9e \u00ab\u00a0Les innovations dans la pratique\u00a0\u00bb li\u00e9e avec la IXe Exposition de Solutions Innovantes pour les \u00c9quipements de Recherche et de Mesure et les Nouvelles Technologies.<\/strong> <\/span><\/p>\n<p class=\"Standard\"><span lang=\"EN-US\" style=\"font-family: 'Times New Roman',serif;\">L&rsquo;objectif principal de la conf\u00e9rence est de promouvoir l&rsquo;importance des r\u00e9alisations scientifiques, ainsi que l&rsquo;\u00e9change d&rsquo;exp\u00e9riences et l&rsquo;int\u00e9gration des \u00e9tudiants, des doctorants et des jeunes scientifiques. La participation \u00e0 l&rsquo;\u00e9v\u00e9nement est l&rsquo;occasion d&rsquo;\u00e9tablir des contacts avec des entrepreneurs, de cr\u00e9er des \u00e9quipes de recherche interdisciplinaires et de d\u00e9finir les domaines de leur \u00e9ventuelle coop\u00e9ration.<\/span><\/p>\n<p class=\"Standard\"><span lang=\"EN-US\" style=\"font-family: 'Times New Roman',serif;\">Comme l&rsquo;ont soulign\u00e9 les organisateurs, la liaison de la conf\u00e9rence avec l&rsquo;exposition sera une excellente occasion de pr\u00e9senter sa propre offre scientifique dans un forum interdisciplinaire au sein de la communaut\u00e9 universitaire nationale, ainsi que de discuter des probl\u00e8mes avec des experts de diverses branches de l&rsquo;industrie et du commerce.<\/span><\/p>\n","protected":false},"excerpt":{"rendered":"<p>La filiale de Lublin de l&rsquo;Acad\u00e9mie Polonaise des Sciences et le Centre pour l&rsquo;Innovation Scientifique et \u00c9ducative organisent les 15 et 16 octobre 2020 la VIIe Conf\u00e9rence Scientifique Nationale Polonaise intitul\u00e9e \u00ab\u00a0Les innovations dans la pratique\u00a0\u00bb li\u00e9e avec la IXe Exposition de Solutions Innovantes pour les \u00c9quipements de Recherche et de Mesure et les Nouvelles [&hellip;]<\/p>\n","protected":false},"author":11,"featured_media":0,"comment_status":"closed","ping_status":"closed","sticky":false,"template":"","format":"standard","meta":[],"categories":[41,38],"tags":[],"_links":{"self":[{"href":"https:\/\/www.polishscience.pl\/fr\/wp-json\/wp\/v2\/posts\/146095"}],"collection":[{"href":"https:\/\/www.polishscience.pl\/fr\/wp-json\/wp\/v2\/posts"}],"about":[{"href":"https:\/\/www.polishscience.pl\/fr\/wp-json\/wp\/v2\/types\/post"}],"author":[{"embeddable":true,"href":"https:\/\/www.polishscience.pl\/fr\/wp-json\/wp\/v2\/users\/11"}],"replies":[{"embeddable":true,"href":"https:\/\/www.polishscience.pl\/fr\/wp-json\/wp\/v2\/comments?post=146095"}],"version-history":[{"count":0,"href":"https:\/\/www.polishscience.pl\/fr\/wp-json\/wp\/v2\/posts\/146095\/revisions"}],"wp:attachment":[{"href":"https:\/\/www.polishscience.pl\/fr\/wp-json\/wp\/v2\/media?parent=146095"}],"wp:term":[{"taxonomy":"category","embeddable":true,"href":"https:\/\/www.polishscience.pl\/fr\/wp-json\/wp\/v2\/categories?post=146095"},{"taxonomy":"post_tag","embeddable":true,"href":"https:\/\/www.polishscience.pl\/fr\/wp-json\/wp\/v2\/tags?post=146095"}],"curies":[{"name":"wp","href":"https:\/\/api.w.org\/{rel}","templated":true}]}}