{"id":145850,"date":"2020-09-16T16:25:41","date_gmt":"2020-09-16T14:25:41","guid":{"rendered":"https:\/\/polishscience.pl\/?p=145850"},"modified":"2020-09-16T16:25:41","modified_gmt":"2020-09-16T14:25:41","slug":"le-resume-du-projet-international-ruraction","status":"publish","type":"post","link":"https:\/\/www.polishscience.pl\/fr\/le-resume-du-projet-international-ruraction\/","title":{"rendered":"Le r\u00e9sum\u00e9 du projet international RurAction"},"content":{"rendered":"<p class=\"Standard\"><strong><span lang=\"EN-US\" style=\"font-family: 'Times New Roman',serif;\">La conf\u00e9rence intitul\u00e9e \u00ab\u00a0L\u2019entrepreneuriat social et les innovations sociales dans les r\u00e9gions rurales\u00a0\u00bb aura lieu les 21 et 22 septembre. Ce sera un r\u00e9sum\u00e9 de la \u00ab\u00a0RurAction\u00a0\u00bb. L&rsquo;entrepreneuriat social dans les r\u00e9gions rurales structurellement faibles : l\u2019analyse des innovateurs en action\u00a0\u00bb, auquel participent des chercheurs de l&rsquo;Universit\u00e9 Adam Mickiewicz de Poznan. La conf\u00e9rence se d\u00e9roulera en mode \u00e0 distance.<\/span><\/strong><\/p>\n<p class=\"Standard\"><span lang=\"EN-US\" style=\"font-family: 'Times New Roman',serif;\">L&rsquo;objectif du projet \u00e9tait d&rsquo;examiner comment les innovations sociales fonctionnent dans les r\u00e9gions structurellement faibles en Europe et de conna\u00eetre le r\u00f4le des entrepreneurs sociaux dans le lancement des innovations. Pendant les deux jours de la conf\u00e9rence, les membres du consortium et des chercheurs du monde entier pr\u00e9senteront les r\u00e9sultats actuels de la recherche sur ces sujets &#8211; informe l&rsquo;universit\u00e9.<\/span><\/p>\n<p class=\"Standard\"><span lang=\"EN-US\" style=\"font-family: 'Times New Roman',serif;\">L&rsquo;Universit\u00e9 de Poznan est le seul membre polonais du consortium RurAction. Au cours de la conf\u00e9rence, le professeur Tadeusz Stryjakiewicz et le dipl\u00f4m\u00e9 Barrai Hennebry pr\u00e9senteront les r\u00e9sultats de leur travail de recherche et un film documentaire pr\u00e9par\u00e9 dans le cadre du projet.<\/span><\/p>\n","protected":false},"excerpt":{"rendered":"<p>La conf\u00e9rence intitul\u00e9e \u00ab\u00a0L\u2019entrepreneuriat social et les innovations sociales dans les r\u00e9gions rurales\u00a0\u00bb aura lieu les 21 et 22 septembre. Ce sera un r\u00e9sum\u00e9 de la \u00ab\u00a0RurAction\u00a0\u00bb. L&rsquo;entrepreneuriat social dans les r\u00e9gions rurales structurellement faibles : l\u2019analyse des innovateurs en action\u00a0\u00bb, auquel participent des chercheurs de l&rsquo;Universit\u00e9 Adam Mickiewicz de Poznan. La conf\u00e9rence se d\u00e9roulera [&hellip;]<\/p>\n","protected":false},"author":11,"featured_media":0,"comment_status":"closed","ping_status":"closed","sticky":false,"template":"","format":"standard","meta":[],"categories":[41],"tags":[],"_links":{"self":[{"href":"https:\/\/www.polishscience.pl\/fr\/wp-json\/wp\/v2\/posts\/145850"}],"collection":[{"href":"https:\/\/www.polishscience.pl\/fr\/wp-json\/wp\/v2\/posts"}],"about":[{"href":"https:\/\/www.polishscience.pl\/fr\/wp-json\/wp\/v2\/types\/post"}],"author":[{"embeddable":true,"href":"https:\/\/www.polishscience.pl\/fr\/wp-json\/wp\/v2\/users\/11"}],"replies":[{"embeddable":true,"href":"https:\/\/www.polishscience.pl\/fr\/wp-json\/wp\/v2\/comments?post=145850"}],"version-history":[{"count":0,"href":"https:\/\/www.polishscience.pl\/fr\/wp-json\/wp\/v2\/posts\/145850\/revisions"}],"wp:attachment":[{"href":"https:\/\/www.polishscience.pl\/fr\/wp-json\/wp\/v2\/media?parent=145850"}],"wp:term":[{"taxonomy":"category","embeddable":true,"href":"https:\/\/www.polishscience.pl\/fr\/wp-json\/wp\/v2\/categories?post=145850"},{"taxonomy":"post_tag","embeddable":true,"href":"https:\/\/www.polishscience.pl\/fr\/wp-json\/wp\/v2\/tags?post=145850"}],"curies":[{"name":"wp","href":"https:\/\/api.w.org\/{rel}","templated":true}]}}