{"id":145838,"date":"2020-09-16T14:05:53","date_gmt":"2020-09-16T12:05:53","guid":{"rendered":"https:\/\/polishscience.pl\/?p=145838"},"modified":"2020-09-16T14:05:53","modified_gmt":"2020-09-16T12:05:53","slug":"la-conference-intitulee-luniversite-en-temps-de-pandemie-en-septembre-a-poznan","status":"publish","type":"post","link":"https:\/\/www.polishscience.pl\/fr\/la-conference-intitulee-luniversite-en-temps-de-pandemie-en-septembre-a-poznan\/","title":{"rendered":"La conf\u00e9rence intitul\u00e9e \u00ab\u00a0L&rsquo;universit\u00e9 en temps de pand\u00e9mie\u00a0\u00bb en septembre \u00e0 Pozna\u0144"},"content":{"rendered":"<p><strong>L&rsquo;Universit\u00e9 des Sciences de la Vie de Poznan invite le 24 septembre \u00e0 une conf\u00e9rence scientifique intitul\u00e9e \u00ab\u00a0L&rsquo;universit\u00e9 en temps de pand\u00e9mie : la science, la didactique, l\u2019administration\u00a0\u00bb. L&rsquo;objectif de la conf\u00e9rence est d&rsquo;\u00e9changer des exp\u00e9riences et d&rsquo;indiquer de nouveaux domaines de recherche li\u00e9s \u00e0 la situation \u00e9pid\u00e9mique actuelle dans le pays et dans le monde &#8211; informe l&rsquo;universit\u00e9.<\/strong><\/p>\n<p>Les participants auront l&rsquo;occasion de discuter des probl\u00e8mes en temps de pand\u00e9mie dans un large contexte. La conf\u00e9rence abordera, entre autres, des sujets li\u00e9s aux nouvelles questions de recherche visant \u00e0 conna\u00eetre l&rsquo;ampleur de la diffusion et les m\u00e9canismes et les effets de l&rsquo;infection par le coronavirus SRAS-CoV-2, ainsi que des probl\u00e8mes \u00e9pid\u00e9miologiques ou des conditions environnementales plus g\u00e9n\u00e9rales.<\/p>\n<p>Les organisateurs encouragent la pr\u00e9sentation des probl\u00e8mes li\u00e9s aux changements organisationnels de la didactique caus\u00e9s par le d\u00e9veloppement de la pand\u00e9mie. Ils proposent une discussion sur l&rsquo;introduction de l&rsquo;enseignement \u00e0 distance et de nouvelles m\u00e9thodes d&rsquo;acquisition des connaissances et des comp\u00e9tences pendant la menace du SRAS-CoV-2.<\/p>\n<p>En savoir plus : <a href=\"https:\/\/puls.edu.pl\/ogloszenia\/dmik\/uniwersytet-w-czasach-pandemii-nauka-dydaktyka-administracja-0\">https:\/\/puls.edu.pl\/ogloszenia\/dmik\/uniwersytet-w-czasach-pandemii-nauka-dydaktyka-administracja-0<\/a><\/p>\n","protected":false},"excerpt":{"rendered":"<p>L&rsquo;Universit\u00e9 des Sciences de la Vie de Poznan invite le 24 septembre \u00e0 une conf\u00e9rence scientifique intitul\u00e9e \u00ab\u00a0L&rsquo;universit\u00e9 en temps de pand\u00e9mie : la science, la didactique, l\u2019administration\u00a0\u00bb. L&rsquo;objectif de la conf\u00e9rence est d&rsquo;\u00e9changer des exp\u00e9riences et d&rsquo;indiquer de nouveaux domaines de recherche li\u00e9s \u00e0 la situation \u00e9pid\u00e9mique actuelle dans le pays et dans le [&hellip;]<\/p>\n","protected":false},"author":11,"featured_media":0,"comment_status":"closed","ping_status":"closed","sticky":false,"template":"","format":"standard","meta":[],"categories":[41],"tags":[],"_links":{"self":[{"href":"https:\/\/www.polishscience.pl\/fr\/wp-json\/wp\/v2\/posts\/145838"}],"collection":[{"href":"https:\/\/www.polishscience.pl\/fr\/wp-json\/wp\/v2\/posts"}],"about":[{"href":"https:\/\/www.polishscience.pl\/fr\/wp-json\/wp\/v2\/types\/post"}],"author":[{"embeddable":true,"href":"https:\/\/www.polishscience.pl\/fr\/wp-json\/wp\/v2\/users\/11"}],"replies":[{"embeddable":true,"href":"https:\/\/www.polishscience.pl\/fr\/wp-json\/wp\/v2\/comments?post=145838"}],"version-history":[{"count":0,"href":"https:\/\/www.polishscience.pl\/fr\/wp-json\/wp\/v2\/posts\/145838\/revisions"}],"wp:attachment":[{"href":"https:\/\/www.polishscience.pl\/fr\/wp-json\/wp\/v2\/media?parent=145838"}],"wp:term":[{"taxonomy":"category","embeddable":true,"href":"https:\/\/www.polishscience.pl\/fr\/wp-json\/wp\/v2\/categories?post=145838"},{"taxonomy":"post_tag","embeddable":true,"href":"https:\/\/www.polishscience.pl\/fr\/wp-json\/wp\/v2\/tags?post=145838"}],"curies":[{"name":"wp","href":"https:\/\/api.w.org\/{rel}","templated":true}]}}