{"id":145210,"date":"2020-09-11T15:31:55","date_gmt":"2020-09-11T13:31:55","guid":{"rendered":"https:\/\/polishscience.pl\/?p=145210"},"modified":"2020-09-11T15:31:55","modified_gmt":"2020-09-11T13:31:55","slug":"la-publication-des-scientifiques-de-zielona-gora-recompenses-par-lagence-europeenne-spatiale","status":"publish","type":"post","link":"https:\/\/www.polishscience.pl\/fr\/la-publication-des-scientifiques-de-zielona-gora-recompenses-par-lagence-europeenne-spatiale\/","title":{"rendered":"La publication des scientifiques de Zielona G\u00f3ra r\u00e9compens\u00e9s par l&rsquo;Agence Europ\u00e9enne Spatiale"},"content":{"rendered":"<p><strong>Le travail du docteur d\u2019\u00c9tat Piotr Lubinski, professeur de l&rsquo;Universit\u00e9 de Zielona Gora, la doctorante Alexandros Filothodoros de la Facult\u00e9 de Physique et d&rsquo;Astronomie et leurs collaborateurs a \u00e9t\u00e9 r\u00e9compens\u00e9 par l&rsquo;Agence Eurp\u00e9enne Spatiale \u00a0comme image du mois du satellite INTEGRAL &#8211; informe l&rsquo;universit\u00e9.<\/strong><\/p>\n<p>La publication \u00ab\u00a0Distinct Accretion Modes of Cygnus X-1 Revealed from Hard X-Rays\u00a0\u00bb pr\u00e9sente les r\u00e9sultats de l&rsquo;\u00e9tude du syst\u00e8me \u00e0 double trou &#8211; Cyg X-1, dans la constellation du cygne. Le satellite INTEGRAL a recueilli beaucoup de donn\u00e9es de tr\u00e8s bonne qualit\u00e9 sur les rayonnements X de haute \u00e9nergie. Dans cette plage d&rsquo;\u00e9nergie, les \u00e9missions de plasma dominent, ce qui a permis de mieux diagnostiquer la g\u00e9om\u00e9trie de ce composant du syst\u00e8me.<\/p>\n<p>Les valeurs de luminosit\u00e9 d\u00e9termin\u00e9es du syst\u00e8me et la pente du spectre des rayons X manifestent six structures distinctes dans le diagramme de densit\u00e9 des donn\u00e9es, au lieu d&rsquo;\u00eatre dispos\u00e9es dans une bande plus ou moins continue. Cela signifie que la g\u00e9om\u00e9trie du plasma adopte des modes sp\u00e9cifiques, dont la cause n&rsquo;est pas encore connue.<\/p>\n<p>Pour en savoir plus : <a href=\"https:\/\/www.infoserwis.uz.zgora.pl\/index.php?publikacja-zielonogorskich-naukowcow-wyroniona-przez-europejsk-agencj-kosmiczn\">https:\/\/www.infoserwis.uz.zgora.pl\/index.php?publikacja-zielonogorskich-naukowcow-wyroniona-przez-europejsk-agencj-kosmiczn<\/a><\/p>\n","protected":false},"excerpt":{"rendered":"<p>Le travail du docteur d\u2019\u00c9tat Piotr Lubinski, professeur de l&rsquo;Universit\u00e9 de Zielona Gora, la doctorante Alexandros Filothodoros de la Facult\u00e9 de Physique et d&rsquo;Astronomie et leurs collaborateurs a \u00e9t\u00e9 r\u00e9compens\u00e9 par l&rsquo;Agence Eurp\u00e9enne Spatiale \u00a0comme image du mois du satellite INTEGRAL &#8211; informe l&rsquo;universit\u00e9. La publication \u00ab\u00a0Distinct Accretion Modes of Cygnus X-1 Revealed from Hard [&hellip;]<\/p>\n","protected":false},"author":11,"featured_media":0,"comment_status":"closed","ping_status":"closed","sticky":false,"template":"","format":"standard","meta":[],"categories":[41],"tags":[],"_links":{"self":[{"href":"https:\/\/www.polishscience.pl\/fr\/wp-json\/wp\/v2\/posts\/145210"}],"collection":[{"href":"https:\/\/www.polishscience.pl\/fr\/wp-json\/wp\/v2\/posts"}],"about":[{"href":"https:\/\/www.polishscience.pl\/fr\/wp-json\/wp\/v2\/types\/post"}],"author":[{"embeddable":true,"href":"https:\/\/www.polishscience.pl\/fr\/wp-json\/wp\/v2\/users\/11"}],"replies":[{"embeddable":true,"href":"https:\/\/www.polishscience.pl\/fr\/wp-json\/wp\/v2\/comments?post=145210"}],"version-history":[{"count":0,"href":"https:\/\/www.polishscience.pl\/fr\/wp-json\/wp\/v2\/posts\/145210\/revisions"}],"wp:attachment":[{"href":"https:\/\/www.polishscience.pl\/fr\/wp-json\/wp\/v2\/media?parent=145210"}],"wp:term":[{"taxonomy":"category","embeddable":true,"href":"https:\/\/www.polishscience.pl\/fr\/wp-json\/wp\/v2\/categories?post=145210"},{"taxonomy":"post_tag","embeddable":true,"href":"https:\/\/www.polishscience.pl\/fr\/wp-json\/wp\/v2\/tags?post=145210"}],"curies":[{"name":"wp","href":"https:\/\/api.w.org\/{rel}","templated":true}]}}