{"id":145202,"date":"2020-09-11T14:57:26","date_gmt":"2020-09-11T12:57:26","guid":{"rendered":"https:\/\/polishscience.pl\/?p=145202"},"modified":"2020-09-11T14:57:26","modified_gmt":"2020-09-11T12:57:26","slug":"la-vie-conference-lumen-des-dirigeants-de-la-gestion-universitaire","status":"publish","type":"post","link":"https:\/\/www.polishscience.pl\/fr\/la-vie-conference-lumen-des-dirigeants-de-la-gestion-universitaire\/","title":{"rendered":"La VIe Conf\u00e9rence LUMEN des Dirigeants de la Gestion Universitaire"},"content":{"rendered":"<p class=\"Standard\"><strong><span lang=\"EN-US\" style=\"font-family: 'Times New Roman',serif;\">La soci\u00e9t\u00e9 de Conseil et d\u2019Informations PCG Akademia et la Fondation des Recteurs Polonais organisent la 6e conf\u00e9rence LUMEN des Leaders de la Gestion Universitaire en ligne les 24 et 25 novembre 2020.<\/span><\/strong><\/p>\n<p class=\"Standard\"><span lang=\"EN-US\" style=\"font-family: 'Times New Roman',serif;\">Les organisateurs, les mod\u00e9rateurs et les pan\u00e9listes discuteront \u00ab\u00a0en direct\u00a0\u00bb dans le studio de t\u00e9l\u00e9vision et le public aura la possibilit\u00e9 de regarder les discours en ligne et de poser des questions.<\/span><\/p>\n<p class=\"Standard\"><span lang=\"EN-US\" style=\"font-family: 'Times New Roman',serif;\">Au cours de l&rsquo;\u00e9v\u00e9nement, un d\u00e9bat sur les d\u00e9fis strat\u00e9giques de l&rsquo;enseignement sup\u00e9rieur et de la science sera organis\u00e9 par des repr\u00e9sentants du Minist\u00e8re des Sciences et de l&rsquo;Enseignement Sup\u00e9rieur, de la Conf\u00e9rence des Recteurs des \u00c9coles Universitaires en Pologne, de la Fondation des Recteurs polonais et de PCG Academia.<\/span><\/p>\n<p class=\"Standard\"><span lang=\"EN-US\" style=\"font-family: 'Times New Roman',serif;\">Avec la participation des recteurs invit\u00e9s de certains \u00e9tablissements d&rsquo;enseignement sup\u00e9rieur polonais, un panel sur les d\u00e9fis que devront relever les autorit\u00e9s des \u00e9tablissements d&rsquo;enseignement sup\u00e9rieur au d\u00e9but de la p\u00e9riode 2020-2024 sera \u00e9galement organis\u00e9, et l&rsquo;impact de la pand\u00e9mie de coronavirus sur le fonctionnement des \u00e9tablissements d&rsquo;enseignement sup\u00e9rieur en Pologne et dans le monde sera discut\u00e9.<\/span><\/p>\n","protected":false},"excerpt":{"rendered":"<p>La soci\u00e9t\u00e9 de Conseil et d\u2019Informations PCG Akademia et la Fondation des Recteurs Polonais organisent la 6e conf\u00e9rence LUMEN des Leaders de la Gestion Universitaire en ligne les 24 et 25 novembre 2020. Les organisateurs, les mod\u00e9rateurs et les pan\u00e9listes discuteront \u00ab\u00a0en direct\u00a0\u00bb dans le studio de t\u00e9l\u00e9vision et le public aura la possibilit\u00e9 de [&hellip;]<\/p>\n","protected":false},"author":11,"featured_media":0,"comment_status":"closed","ping_status":"closed","sticky":false,"template":"","format":"standard","meta":[],"categories":[41],"tags":[],"_links":{"self":[{"href":"https:\/\/www.polishscience.pl\/fr\/wp-json\/wp\/v2\/posts\/145202"}],"collection":[{"href":"https:\/\/www.polishscience.pl\/fr\/wp-json\/wp\/v2\/posts"}],"about":[{"href":"https:\/\/www.polishscience.pl\/fr\/wp-json\/wp\/v2\/types\/post"}],"author":[{"embeddable":true,"href":"https:\/\/www.polishscience.pl\/fr\/wp-json\/wp\/v2\/users\/11"}],"replies":[{"embeddable":true,"href":"https:\/\/www.polishscience.pl\/fr\/wp-json\/wp\/v2\/comments?post=145202"}],"version-history":[{"count":0,"href":"https:\/\/www.polishscience.pl\/fr\/wp-json\/wp\/v2\/posts\/145202\/revisions"}],"wp:attachment":[{"href":"https:\/\/www.polishscience.pl\/fr\/wp-json\/wp\/v2\/media?parent=145202"}],"wp:term":[{"taxonomy":"category","embeddable":true,"href":"https:\/\/www.polishscience.pl\/fr\/wp-json\/wp\/v2\/categories?post=145202"},{"taxonomy":"post_tag","embeddable":true,"href":"https:\/\/www.polishscience.pl\/fr\/wp-json\/wp\/v2\/tags?post=145202"}],"curies":[{"name":"wp","href":"https:\/\/api.w.org\/{rel}","templated":true}]}}