{"id":144846,"date":"2020-09-09T15:11:11","date_gmt":"2020-09-09T13:11:11","guid":{"rendered":"https:\/\/polishscience.pl\/?p=144846"},"modified":"2020-09-09T15:11:11","modified_gmt":"2020-09-09T13:11:11","slug":"le-recteur-de-luniversite-de-medecine-de-gdansk-est-president-de-la-conference-des-recteurs-des-universites-de-medecine","status":"publish","type":"post","link":"https:\/\/www.polishscience.pl\/fr\/le-recteur-de-luniversite-de-medecine-de-gdansk-est-president-de-la-conference-des-recteurs-des-universites-de-medecine\/","title":{"rendered":"Le recteur de l&rsquo;Universit\u00e9 de M\u00e9decine de Gda\u0144sk est pr\u00e9sident de la Conf\u00e9rence des Recteurs des Universit\u00e9s de M\u00e9decine"},"content":{"rendered":"<p><strong>Le professeur Marcin Grucha\u0142a, recteur de l&rsquo;Universit\u00e9 de M\u00e9decine de Gda\u0144sk a \u00e9t\u00e9 \u00e9lu pr\u00e9sident de la Conf\u00e9rence des Recteurs des Universit\u00e9s de M\u00e9decine Acad\u00e9miques (KRAUM) pour la p\u00e9riode 2020-2024.<\/strong><\/p>\n<p>&#8211; Je suis honor\u00e9 de la d\u00e9cision prise par les recteurs des universit\u00e9s de m\u00e9decine polonaises qui ont d\u00e9cid\u00e9 de me confier la fonction responsable de Pr\u00e9sident de KRAUM pour les 4 ann\u00e9es \u00e0 venir. Je vous remercie de la confiance que vous m&rsquo;avez accord\u00e9e et je d\u00e9clare repr\u00e9senter la communaut\u00e9 universitaire dans un esprit de partenariat avec le Minist\u00e8re de la Sant\u00e9, le Minist\u00e8re des Sciences et de l&rsquo;Enseignement Sup\u00e9rieur et toutes les universit\u00e9s polonaises \u2013 a d\u00e9clar\u00e9 le professeur Grucha\u0142a cit\u00e9 dans le service universitaire.<\/p>\n<p>KRAUM est form\u00e9 par les recteurs des universit\u00e9s m\u00e9dicales publiques en Pologne. Son objectif est d&rsquo;\u00e9laborer une position commune des recteurs et d&rsquo;exprimer des avis sur les questions li\u00e9es \u00e0 l&rsquo;enseignement pr\u00e9 et postuniversitaire dans le domaine des sciences m\u00e9dicales et sur d&rsquo;autres questions concernant la communaut\u00e9 acad\u00e9mique des \u00e9coles sup\u00e9rieures de m\u00e9decine publiques.<\/p>\n","protected":false},"excerpt":{"rendered":"<p>Le professeur Marcin Grucha\u0142a, recteur de l&rsquo;Universit\u00e9 de M\u00e9decine de Gda\u0144sk a \u00e9t\u00e9 \u00e9lu pr\u00e9sident de la Conf\u00e9rence des Recteurs des Universit\u00e9s de M\u00e9decine Acad\u00e9miques (KRAUM) pour la p\u00e9riode 2020-2024. &#8211; Je suis honor\u00e9 de la d\u00e9cision prise par les recteurs des universit\u00e9s de m\u00e9decine polonaises qui ont d\u00e9cid\u00e9 de me confier la fonction responsable [&hellip;]<\/p>\n","protected":false},"author":11,"featured_media":0,"comment_status":"closed","ping_status":"closed","sticky":false,"template":"","format":"standard","meta":[],"categories":[35],"tags":[],"_links":{"self":[{"href":"https:\/\/www.polishscience.pl\/fr\/wp-json\/wp\/v2\/posts\/144846"}],"collection":[{"href":"https:\/\/www.polishscience.pl\/fr\/wp-json\/wp\/v2\/posts"}],"about":[{"href":"https:\/\/www.polishscience.pl\/fr\/wp-json\/wp\/v2\/types\/post"}],"author":[{"embeddable":true,"href":"https:\/\/www.polishscience.pl\/fr\/wp-json\/wp\/v2\/users\/11"}],"replies":[{"embeddable":true,"href":"https:\/\/www.polishscience.pl\/fr\/wp-json\/wp\/v2\/comments?post=144846"}],"version-history":[{"count":0,"href":"https:\/\/www.polishscience.pl\/fr\/wp-json\/wp\/v2\/posts\/144846\/revisions"}],"wp:attachment":[{"href":"https:\/\/www.polishscience.pl\/fr\/wp-json\/wp\/v2\/media?parent=144846"}],"wp:term":[{"taxonomy":"category","embeddable":true,"href":"https:\/\/www.polishscience.pl\/fr\/wp-json\/wp\/v2\/categories?post=144846"},{"taxonomy":"post_tag","embeddable":true,"href":"https:\/\/www.polishscience.pl\/fr\/wp-json\/wp\/v2\/tags?post=144846"}],"curies":[{"name":"wp","href":"https:\/\/api.w.org\/{rel}","templated":true}]}}