{"id":144399,"date":"2020-09-07T12:20:15","date_gmt":"2020-09-07T10:20:15","guid":{"rendered":"https:\/\/polishscience.pl\/?p=144399"},"modified":"2020-09-07T16:27:15","modified_gmt":"2020-09-07T14:27:15","slug":"le-nouveau-recteur-de-luniversite-jan-kochanowski-de-kielce-veut-un-personnel-scientifique-plus-actif","status":"publish","type":"post","link":"https:\/\/www.polishscience.pl\/fr\/le-nouveau-recteur-de-luniversite-jan-kochanowski-de-kielce-veut-un-personnel-scientifique-plus-actif\/","title":{"rendered":"Le nouveau recteur de l&rsquo;Universit\u00e9 Jan Kochanowski de Kielce veut un personnel scientifique plus actif"},"content":{"rendered":"<p class=\"Standard\"><strong><span lang=\"EN-US\" style=\"font-family: 'Times New Roman',serif;\">L&rsquo;am\u00e9lioration de la qualit\u00e9 de l&rsquo;enseignement, de la didactique et de l&rsquo;esprit d&rsquo;entreprise chez les \u00e9tudiants et les employ\u00e9s de l&rsquo;universit\u00e9 est annonc\u00e9e par le Prof. Stanis\u0142aw G\u0142uszek, le nouveau recteur de l&rsquo;Universit\u00e9 Jan Kochanowski (UJK) de Kielce. Dans une interview \u00e0 Radio Kielce, il a soulign\u00e9 que l&rsquo;analyse de l&rsquo;activit\u00e9 scientifique sera effectu\u00e9e en premier lieu.<\/span><\/strong><\/p>\n<p class=\"Standard\"><span lang=\"EN-US\" style=\"font-family: 'Times New Roman',serif;\">Si nous n&rsquo;avons pas de cat\u00e9gorie appropri\u00e9e, nous pourrions perdre nos droits dans de nombreuses disciplines, ce qui serait tr\u00e8s douloureux et tr\u00e8s mauvais pour notre universit\u00e9. Nous devons donc mener de telles actions dans les 16 prochains mois, ce qui am\u00e9liorera certainement la situation dans de nombreux domaines &#8211; a expliqu\u00e9 le professeur G\u0142uszek.<\/span><\/p>\n<p class=\"Standard\"><span lang=\"EN-US\" style=\"font-family: 'Times New Roman',serif;\">De l&rsquo;avis du nouveau recteur de l&rsquo;UJK, le personnel universitaire devrait \u00eatre plus actif.<\/span><\/p>\n<p class=\"Standard\"><span lang=\"EN-US\" style=\"font-family: 'Times New Roman',serif;\">Nous devrions accorder plus d&rsquo;attention \u00e0 l&rsquo;activit\u00e9 scientifique et didactique du personnel employ\u00e9 \u00e0 l&rsquo;UJK, en ce qui concerne les projets scientifiques, qui se traduisent par le nombre de publications &#8211; a ajout\u00e9 le Prof. G\u0142uszek.<\/span><\/p>\n","protected":false},"excerpt":{"rendered":"<p>L&rsquo;am\u00e9lioration de la qualit\u00e9 de l&rsquo;enseignement, de la didactique et de l&rsquo;esprit d&rsquo;entreprise chez les \u00e9tudiants et les employ\u00e9s de l&rsquo;universit\u00e9 est annonc\u00e9e par le Prof. Stanis\u0142aw G\u0142uszek, le nouveau recteur de l&rsquo;Universit\u00e9 Jan Kochanowski (UJK) de Kielce. Dans une interview \u00e0 Radio Kielce, il a soulign\u00e9 que l&rsquo;analyse de l&rsquo;activit\u00e9 scientifique sera effectu\u00e9e en [&hellip;]<\/p>\n","protected":false},"author":11,"featured_media":0,"comment_status":"closed","ping_status":"closed","sticky":false,"template":"","format":"standard","meta":[],"categories":[35],"tags":[],"_links":{"self":[{"href":"https:\/\/www.polishscience.pl\/fr\/wp-json\/wp\/v2\/posts\/144399"}],"collection":[{"href":"https:\/\/www.polishscience.pl\/fr\/wp-json\/wp\/v2\/posts"}],"about":[{"href":"https:\/\/www.polishscience.pl\/fr\/wp-json\/wp\/v2\/types\/post"}],"author":[{"embeddable":true,"href":"https:\/\/www.polishscience.pl\/fr\/wp-json\/wp\/v2\/users\/11"}],"replies":[{"embeddable":true,"href":"https:\/\/www.polishscience.pl\/fr\/wp-json\/wp\/v2\/comments?post=144399"}],"version-history":[{"count":0,"href":"https:\/\/www.polishscience.pl\/fr\/wp-json\/wp\/v2\/posts\/144399\/revisions"}],"wp:attachment":[{"href":"https:\/\/www.polishscience.pl\/fr\/wp-json\/wp\/v2\/media?parent=144399"}],"wp:term":[{"taxonomy":"category","embeddable":true,"href":"https:\/\/www.polishscience.pl\/fr\/wp-json\/wp\/v2\/categories?post=144399"},{"taxonomy":"post_tag","embeddable":true,"href":"https:\/\/www.polishscience.pl\/fr\/wp-json\/wp\/v2\/tags?post=144399"}],"curies":[{"name":"wp","href":"https:\/\/api.w.org\/{rel}","templated":true}]}}