{"id":144136,"date":"2020-09-04T16:35:20","date_gmt":"2020-09-04T14:35:20","guid":{"rendered":"https:\/\/polishscience.pl\/?p=144136"},"modified":"2020-09-04T16:35:20","modified_gmt":"2020-09-04T14:35:20","slug":"un-scientifique-de-la-polytechnique-de-gdansk-avec-le-titre-dambassadeur-du-congres-polonais","status":"publish","type":"post","link":"https:\/\/www.polishscience.pl\/fr\/un-scientifique-de-la-polytechnique-de-gdansk-avec-le-titre-dambassadeur-du-congres-polonais\/","title":{"rendered":"Un scientifique de la Polytechnique de Gdansk avec le titre d&rsquo;ambassadeur du Congr\u00e8s Polonais"},"content":{"rendered":"<p class=\"Standard\"><strong><span lang=\"EN-US\" style=\"font-family: 'Times New Roman',serif;\">Le professeur W\u0142odzimierz Zieniutycz de la Facult\u00e9 d&rsquo;\u00c9lectronique, de T\u00e9l\u00e9communications et d&rsquo;Informatique de la Polytechnique de Gdansk, a re\u00e7u le titre d&rsquo;ambassadeur du Congr\u00e8s Polonais. Le titre a \u00e9t\u00e9 d\u00e9cern\u00e9 dans le cadre d&rsquo;un concours organis\u00e9 conjointement par l&rsquo;Organisation Polonaise du Tourisme et une organisation non gouvernementale &#8211; l&rsquo;Association des Conf\u00e9rences et Congr\u00e8s en Pologne.<\/span><\/strong><\/p>\n<p class=\"Standard\"><span lang=\"EN-US\" style=\"font-family: 'Times New Roman',serif;\">Cette distinction est d\u00e9cern\u00e9e aux personnes qui promeuvent activement la Pologne en tant que lieu d&rsquo;organisation de r\u00e9unions et de conf\u00e9rences par une activit\u00e9 active au sein d&rsquo;associations internationales. La condition pour recevoir le titre est d&rsquo;obtenir au moins un \u00e9v\u00e9nement \u00e0 l&rsquo;\u00e9chelle internationale pour la Pologne au cours des 3 derni\u00e8res ann\u00e9es et de convaincre la section de son engagement \u00e0 promouvoir la Pologne.<\/span><\/p>\n<p class=\"Standard\"><span lang=\"EN-US\" style=\"font-family: 'Times New Roman',serif;\">Le Prof. W\u0142odzimierz Zieniutycz, avec le Prof. Pawe\u0142 Kabacki de la Polytechnique de Wroc\u0142aw, a pr\u00e9sid\u00e9 la 13\u00e8me Conf\u00e9rence Europ\u00e9enne des Antennes (EuCAP 2019), qui a eu lieu au tournant de mars et avril 2019 \u00e0 Cracovie &#8211; lit-on dans le service de la Polytechnique de Gda\u0144sk.<\/span><\/p>\n","protected":false},"excerpt":{"rendered":"<p>Le professeur W\u0142odzimierz Zieniutycz de la Facult\u00e9 d&rsquo;\u00c9lectronique, de T\u00e9l\u00e9communications et d&rsquo;Informatique de la Polytechnique de Gdansk, a re\u00e7u le titre d&rsquo;ambassadeur du Congr\u00e8s Polonais. Le titre a \u00e9t\u00e9 d\u00e9cern\u00e9 dans le cadre d&rsquo;un concours organis\u00e9 conjointement par l&rsquo;Organisation Polonaise du Tourisme et une organisation non gouvernementale &#8211; l&rsquo;Association des Conf\u00e9rences et Congr\u00e8s en Pologne. [&hellip;]<\/p>\n","protected":false},"author":11,"featured_media":0,"comment_status":"closed","ping_status":"closed","sticky":false,"template":"","format":"standard","meta":[],"categories":[41],"tags":[],"_links":{"self":[{"href":"https:\/\/www.polishscience.pl\/fr\/wp-json\/wp\/v2\/posts\/144136"}],"collection":[{"href":"https:\/\/www.polishscience.pl\/fr\/wp-json\/wp\/v2\/posts"}],"about":[{"href":"https:\/\/www.polishscience.pl\/fr\/wp-json\/wp\/v2\/types\/post"}],"author":[{"embeddable":true,"href":"https:\/\/www.polishscience.pl\/fr\/wp-json\/wp\/v2\/users\/11"}],"replies":[{"embeddable":true,"href":"https:\/\/www.polishscience.pl\/fr\/wp-json\/wp\/v2\/comments?post=144136"}],"version-history":[{"count":0,"href":"https:\/\/www.polishscience.pl\/fr\/wp-json\/wp\/v2\/posts\/144136\/revisions"}],"wp:attachment":[{"href":"https:\/\/www.polishscience.pl\/fr\/wp-json\/wp\/v2\/media?parent=144136"}],"wp:term":[{"taxonomy":"category","embeddable":true,"href":"https:\/\/www.polishscience.pl\/fr\/wp-json\/wp\/v2\/categories?post=144136"},{"taxonomy":"post_tag","embeddable":true,"href":"https:\/\/www.polishscience.pl\/fr\/wp-json\/wp\/v2\/tags?post=144136"}],"curies":[{"name":"wp","href":"https:\/\/api.w.org\/{rel}","templated":true}]}}