{"id":144134,"date":"2020-09-04T16:22:05","date_gmt":"2020-09-04T14:22:05","guid":{"rendered":"https:\/\/polishscience.pl\/?p=144134"},"modified":"2020-09-04T16:22:05","modified_gmt":"2020-09-04T14:22:05","slug":"le-reverend-professeur-kalinowski-luniversite-catholique-de-lublin-doit-preserver-son-identite","status":"publish","type":"post","link":"https:\/\/www.polishscience.pl\/fr\/le-reverend-professeur-kalinowski-luniversite-catholique-de-lublin-doit-preserver-son-identite\/","title":{"rendered":"Le r\u00e9v\u00e9rend Professeur Kalinowski : L&rsquo;Universit\u00e9 Catholique de Lublin doit pr\u00e9server son identit\u00e9"},"content":{"rendered":"<p class=\"Standard\"><strong><span lang=\"EN-US\" style=\"font-family: 'Times New Roman',serif;\">La communaut\u00e9 universitaire doit aider \u00e0 trouver des r\u00e9ponses aux probl\u00e8mes et aux d\u00e9fis du monde moderne. Nous avons le potentiel pour \u00eatre un centre scientifique et de formation d&rsquo;opinion au-del\u00e0 des fronti\u00e8res de la Pologne\u00a0\u00bb, souligne le nouveau recteur de l&rsquo;Universit\u00e9 Catholique Jean-Paul II de Lublin (KUL), le p\u00e8re Miros\u0142aw Kalinowski, dans une interview avec l&rsquo;Agence Catholique d&rsquo;Information.<\/span><\/strong><\/p>\n<p class=\"Standard\"><span lang=\"EN-US\" style=\"font-family: 'Times New Roman',serif;\">La communaut\u00e9 acad\u00e9mique doit s&rsquo;adapter aux changements de la civilisation, de la culture et de la technologie, mais l&rsquo;id\u00e9e primordiale de l&rsquo;Universit\u00e9 Catholique de Lublin est la relation entre la foi et la science, donc l&rsquo;universit\u00e9 doit maintenir son identit\u00e9, qui r\u00e9sulte d&rsquo;une relation \u00e9troite avec l&rsquo;enseignement social de l&rsquo;Eglise catholique &#8211; a d\u00e9clar\u00e9 le reverend professeur Kalinowski.<\/span><\/p>\n<p class=\"Standard\"><span lang=\"EN-US\" style=\"font-family: 'Times New Roman',serif;\">Il a ajout\u00e9 que dans ce contexte, il est n\u00e9cessaire de relever les d\u00e9fis li\u00e9s \u00e0 l&rsquo;utilisation des acquis de la civilisation, notamment les progr\u00e8s de la g\u00e9n\u00e9tique, de la biotechnologie dans le monde de la num\u00e9risation, des nouvelles technologies et des m\u00e9dias. Il a \u00e9galement attir\u00e9 l&rsquo;attention sur la primaut\u00e9 de la personne sur l&rsquo;\u00e9conomie.<\/span><\/p>\n","protected":false},"excerpt":{"rendered":"<p>La communaut\u00e9 universitaire doit aider \u00e0 trouver des r\u00e9ponses aux probl\u00e8mes et aux d\u00e9fis du monde moderne. Nous avons le potentiel pour \u00eatre un centre scientifique et de formation d&rsquo;opinion au-del\u00e0 des fronti\u00e8res de la Pologne\u00a0\u00bb, souligne le nouveau recteur de l&rsquo;Universit\u00e9 Catholique Jean-Paul II de Lublin (KUL), le p\u00e8re Miros\u0142aw Kalinowski, dans une interview [&hellip;]<\/p>\n","protected":false},"author":11,"featured_media":0,"comment_status":"closed","ping_status":"closed","sticky":false,"template":"","format":"standard","meta":[],"categories":[35],"tags":[],"_links":{"self":[{"href":"https:\/\/www.polishscience.pl\/fr\/wp-json\/wp\/v2\/posts\/144134"}],"collection":[{"href":"https:\/\/www.polishscience.pl\/fr\/wp-json\/wp\/v2\/posts"}],"about":[{"href":"https:\/\/www.polishscience.pl\/fr\/wp-json\/wp\/v2\/types\/post"}],"author":[{"embeddable":true,"href":"https:\/\/www.polishscience.pl\/fr\/wp-json\/wp\/v2\/users\/11"}],"replies":[{"embeddable":true,"href":"https:\/\/www.polishscience.pl\/fr\/wp-json\/wp\/v2\/comments?post=144134"}],"version-history":[{"count":0,"href":"https:\/\/www.polishscience.pl\/fr\/wp-json\/wp\/v2\/posts\/144134\/revisions"}],"wp:attachment":[{"href":"https:\/\/www.polishscience.pl\/fr\/wp-json\/wp\/v2\/media?parent=144134"}],"wp:term":[{"taxonomy":"category","embeddable":true,"href":"https:\/\/www.polishscience.pl\/fr\/wp-json\/wp\/v2\/categories?post=144134"},{"taxonomy":"post_tag","embeddable":true,"href":"https:\/\/www.polishscience.pl\/fr\/wp-json\/wp\/v2\/tags?post=144134"}],"curies":[{"name":"wp","href":"https:\/\/api.w.org\/{rel}","templated":true}]}}