{"id":143917,"date":"2020-09-03T13:18:19","date_gmt":"2020-09-03T11:18:19","guid":{"rendered":"https:\/\/polishscience.pl\/?p=143917"},"modified":"2020-09-03T15:18:37","modified_gmt":"2020-09-03T13:18:37","slug":"le-ministere-des-sciences-va-octroyer-20-millions-de-pln-a-linfrastructure-de-luniversite-jan-kochanowski-de-kielce","status":"publish","type":"post","link":"https:\/\/www.polishscience.pl\/fr\/le-ministere-des-sciences-va-octroyer-20-millions-de-pln-a-linfrastructure-de-luniversite-jan-kochanowski-de-kielce\/","title":{"rendered":"Le minist\u00e8re des sciences va octroyer 20 millions de PLN \u00e0 l&rsquo;infrastructure de l&rsquo;Universit\u00e9 Jan Kochanowski de Kielce"},"content":{"rendered":"<p class=\"Standard\"><strong><span lang=\"EN-US\" style=\"font-family: 'Times New Roman',serif;\">Le Minist\u00e8re des Sciences et de l&rsquo;Enseignement Sup\u00e9rieur (MNiSzW) fera don de 20 millions de PLN pour l&rsquo;extension de la Facult\u00e9 de Droit et de Sciences Sociales de l&rsquo;Universit\u00e9 Jan Kochanowski (UJK) \u00e0 Kielce. La construction commencera cet automne et le b\u00e2timent devrait \u00eatre mis en service d&rsquo;ici la fin de l&rsquo;ann\u00e9e 2022.<\/span><\/strong><\/p>\n<p class=\"Standard\"><span lang=\"EN-US\" style=\"font-family: 'Times New Roman',serif;\">La nouveau b\u00e2timent comprendra une salle d&rsquo;audience, une salle de conf\u00e9rence, des salles de conf\u00e9rence pouvant accueillir 240, 120 et 100 personnes, des salles informatiques et didactiques, ainsi que des espaces de loisirs pour les \u00e9tudiants, des salles administratives et des locaux de service. <\/span><\/p>\n<p class=\"Standard\"><span lang=\"EN-US\" style=\"font-family: 'Times New Roman',serif;\">La Facult\u00e9 de Droit et de Sciences Sociales est la plus grande facult\u00e9 de l&rsquo;universit\u00e9 et avait un b\u00e2timent dans l\u2019enceinte de l\u2019Universit\u00e9 qui \u00e9tait compl\u00e8tement en dehors de son environnement\u00a0\u00bb, a d\u00e9clar\u00e9 Piotr Zi\u00f3\u0142kowski, directeur du bureau des programmes et des entreprises du Minist\u00e8re des Sciences et de l&rsquo;Enseignement Sup\u00e9rieur. Il a ajout\u00e9 que la d\u00e9cision du ministre des sciences, Wojciech Murdzek, devrait enfin apaiser les craintes de ceux qui craignaient que la r\u00e9forme de l&rsquo;enseignement sup\u00e9rieur n&rsquo;entra\u00eene la d\u00e9gradation de l&rsquo;universit\u00e9 de Kielce.<\/span><\/p>\n","protected":false},"excerpt":{"rendered":"<p>Le Minist\u00e8re des Sciences et de l&rsquo;Enseignement Sup\u00e9rieur (MNiSzW) fera don de 20 millions de PLN pour l&rsquo;extension de la Facult\u00e9 de Droit et de Sciences Sociales de l&rsquo;Universit\u00e9 Jan Kochanowski (UJK) \u00e0 Kielce. La construction commencera cet automne et le b\u00e2timent devrait \u00eatre mis en service d&rsquo;ici la fin de l&rsquo;ann\u00e9e 2022. La nouveau [&hellip;]<\/p>\n","protected":false},"author":11,"featured_media":0,"comment_status":"closed","ping_status":"closed","sticky":false,"template":"","format":"standard","meta":[],"categories":[35],"tags":[],"_links":{"self":[{"href":"https:\/\/www.polishscience.pl\/fr\/wp-json\/wp\/v2\/posts\/143917"}],"collection":[{"href":"https:\/\/www.polishscience.pl\/fr\/wp-json\/wp\/v2\/posts"}],"about":[{"href":"https:\/\/www.polishscience.pl\/fr\/wp-json\/wp\/v2\/types\/post"}],"author":[{"embeddable":true,"href":"https:\/\/www.polishscience.pl\/fr\/wp-json\/wp\/v2\/users\/11"}],"replies":[{"embeddable":true,"href":"https:\/\/www.polishscience.pl\/fr\/wp-json\/wp\/v2\/comments?post=143917"}],"version-history":[{"count":0,"href":"https:\/\/www.polishscience.pl\/fr\/wp-json\/wp\/v2\/posts\/143917\/revisions"}],"wp:attachment":[{"href":"https:\/\/www.polishscience.pl\/fr\/wp-json\/wp\/v2\/media?parent=143917"}],"wp:term":[{"taxonomy":"category","embeddable":true,"href":"https:\/\/www.polishscience.pl\/fr\/wp-json\/wp\/v2\/categories?post=143917"},{"taxonomy":"post_tag","embeddable":true,"href":"https:\/\/www.polishscience.pl\/fr\/wp-json\/wp\/v2\/tags?post=143917"}],"curies":[{"name":"wp","href":"https:\/\/api.w.org\/{rel}","templated":true}]}}