{"id":143539,"date":"2020-09-01T13:12:00","date_gmt":"2020-09-01T11:12:00","guid":{"rendered":"https:\/\/polishscience.pl\/?p=143539"},"modified":"2020-09-01T13:12:00","modified_gmt":"2020-09-01T11:12:00","slug":"les-nouvelles-autorites-de-la-conference-des-recteurs-des-ecoles-academiques-en-pologne","status":"publish","type":"post","link":"https:\/\/www.polishscience.pl\/fr\/les-nouvelles-autorites-de-la-conference-des-recteurs-des-ecoles-academiques-en-pologne\/","title":{"rendered":"Les nouvelles autorit\u00e9s de la Conf\u00e9rence des Recteurs des Ecoles Acad\u00e9miques en Pologne"},"content":{"rendered":"<p class=\"Standard\"><span lang=\"EN-US\" style=\"font-family: 'Times New Roman',serif;\"><strong>Les 26 et 27 ao\u00fbt, \u00e0 l&rsquo;Universit\u00e9 des Sciences et Technologies AGH de Cracovie, s&rsquo;est tenue une r\u00e9union du pr\u00e9sidium et de l&rsquo;assembl\u00e9e pl\u00e9ni\u00e8re de la Conf\u00e9rence des Recteurs des \u00c9coles Acad\u00e9miques de Pologne (CRASP), au cours de laquelle un groupe de recteurs de tout le pays a \u00e9lu \u00e0 distance les nouvelles autorit\u00e9s.<\/strong> <\/span><\/p>\n<p class=\"Standard\"><span lang=\"EN-US\" style=\"font-family: 'Times New Roman',serif;\">La r\u00e9union de l&rsquo;assembl\u00e9e pl\u00e9ni\u00e8re de la CRASP a cl\u00f4tur\u00e9 le mandat actuel de 2016-2020 sous la pr\u00e9sidence du professeur Jan Szmidt, recteur de la Polytechnique de Varsovie. Au cours de cette session de deux jours, les repr\u00e9sentants des autorit\u00e9s universitaires ont discut\u00e9, entre autres, des probl\u00e8mes actuels de l&rsquo;enseignement sup\u00e9rieur et de la science en Pologne, ainsi que du fonctionnement de l&rsquo;universit\u00e9 pendant la p\u00e9riode incertaine de la pand\u00e9mie de COVID-19 dans le contexte de la coop\u00e9ration internationale ou de l&rsquo;organisation de l&rsquo;\u00e9ducation pour la nouvelle ann\u00e9e universitaire.<\/span><\/p>\n<p class=\"Standard\"><span lang=\"EN-US\" style=\"font-family: 'Times New Roman',serif;\">Au cours de la r\u00e9union, de nouvelles autorit\u00e9s de la CRASP ont \u00e9t\u00e9 \u00e9lues. Le pr\u00e9sident de cette institution sera le professeur Arkadiusz M\u0119\u017cyk, recteur de la Polytechnique de Sil\u00e9sie \u00e0 Gliwice. Ses adjoints seront le professeur Jacek Popiel, recteur \u00e9lu de l&rsquo;Universit\u00e9 Jagellonne et le professeur Micha\u0142 Zasada, recteur \u00e9lu de l&rsquo;Universit\u00e9 des Sciences de la Vie de Varsovie.<\/span><\/p>\n","protected":false},"excerpt":{"rendered":"<p>Les 26 et 27 ao\u00fbt, \u00e0 l&rsquo;Universit\u00e9 des Sciences et Technologies AGH de Cracovie, s&rsquo;est tenue une r\u00e9union du pr\u00e9sidium et de l&rsquo;assembl\u00e9e pl\u00e9ni\u00e8re de la Conf\u00e9rence des Recteurs des \u00c9coles Acad\u00e9miques de Pologne (CRASP), au cours de laquelle un groupe de recteurs de tout le pays a \u00e9lu \u00e0 distance les nouvelles autorit\u00e9s. La [&hellip;]<\/p>\n","protected":false},"author":11,"featured_media":0,"comment_status":"closed","ping_status":"closed","sticky":false,"template":"","format":"standard","meta":[],"categories":[35],"tags":[],"_links":{"self":[{"href":"https:\/\/www.polishscience.pl\/fr\/wp-json\/wp\/v2\/posts\/143539"}],"collection":[{"href":"https:\/\/www.polishscience.pl\/fr\/wp-json\/wp\/v2\/posts"}],"about":[{"href":"https:\/\/www.polishscience.pl\/fr\/wp-json\/wp\/v2\/types\/post"}],"author":[{"embeddable":true,"href":"https:\/\/www.polishscience.pl\/fr\/wp-json\/wp\/v2\/users\/11"}],"replies":[{"embeddable":true,"href":"https:\/\/www.polishscience.pl\/fr\/wp-json\/wp\/v2\/comments?post=143539"}],"version-history":[{"count":0,"href":"https:\/\/www.polishscience.pl\/fr\/wp-json\/wp\/v2\/posts\/143539\/revisions"}],"wp:attachment":[{"href":"https:\/\/www.polishscience.pl\/fr\/wp-json\/wp\/v2\/media?parent=143539"}],"wp:term":[{"taxonomy":"category","embeddable":true,"href":"https:\/\/www.polishscience.pl\/fr\/wp-json\/wp\/v2\/categories?post=143539"},{"taxonomy":"post_tag","embeddable":true,"href":"https:\/\/www.polishscience.pl\/fr\/wp-json\/wp\/v2\/tags?post=143539"}],"curies":[{"name":"wp","href":"https:\/\/api.w.org\/{rel}","templated":true}]}}