{"id":142833,"date":"2020-08-26T13:36:18","date_gmt":"2020-08-26T11:36:18","guid":{"rendered":"https:\/\/polishscience.pl\/?p=142833"},"modified":"2020-08-26T13:36:18","modified_gmt":"2020-08-26T11:36:18","slug":"la-rencontre-des-autorites-de-luniversite-de-varsovie-et-de-luniversite-de-medecine-de-varsovie","status":"publish","type":"post","link":"https:\/\/www.polishscience.pl\/fr\/la-rencontre-des-autorites-de-luniversite-de-varsovie-et-de-luniversite-de-medecine-de-varsovie\/","title":{"rendered":"La rencontre des autorit\u00e9s de l&rsquo;Universit\u00e9 de Varsovie et de l&rsquo;Universit\u00e9 de M\u00e9decine de Varsovie"},"content":{"rendered":"<p><strong>Le 24 ao\u00fbt 2020, une rencontre a eu lieu entre les repr\u00e9sentants de l&rsquo;Universit\u00e9 de Varsovie (UW) et de l&rsquo;Universit\u00e9 de M\u00e9decine de Varsovie (WUM), \u00e0 laquelle ont particip\u00e9 les recteurs et vice-recteurs de l&rsquo;UW et de la WUM du mandat actuel, ainsi que les nouvelles \u00e9quipes de recteurs des deux universit\u00e9s, qui entreront en fonction en septembre.<\/strong><\/p>\n<p>Les discussions ont port\u00e9 sur le d\u00e9veloppement de la coop\u00e9ration scientifique et didactique. Au cours de la r\u00e9union, les recteurs ont confirm\u00e9 leur int\u00e9r\u00eat \u00e0 poursuivre la coop\u00e9ration strat\u00e9gique des deux EES. Ils ont analys\u00e9 l&rsquo;\u00e9tat actuel de la coop\u00e9ration et les questions li\u00e9es \u00e0 la possibilit\u00e9 d&rsquo;une f\u00e9d\u00e9ralisation.<\/p>\n<p>Le concept de la f\u00e9d\u00e9ration et le projet de statut de la f\u00e9d\u00e9ration ont \u00e9t\u00e9 \u00e9labor\u00e9s en 2019, \u00e9valu\u00e9s positivement par les autorit\u00e9s du recteur, les s\u00e9nats et le conseil universitaire et adress\u00e9s au Minist\u00e8re des Sciences et de l&rsquo;Enseignement Sup\u00e9rieur. Le Minist\u00e8re des Sciences et de l&rsquo;Enseignement Sup\u00e9rieur a \u00e9valu\u00e9 positivement le mod\u00e8le de f\u00e9d\u00e9ration propos\u00e9. Sa mise en \u0153uvre n\u00e9cessite une modification de la loi, \u00e0 laquelle le minist\u00e8re des sciences est favorable.<\/p>\n","protected":false},"excerpt":{"rendered":"<p>Le 24 ao\u00fbt 2020, une rencontre a eu lieu entre les repr\u00e9sentants de l&rsquo;Universit\u00e9 de Varsovie (UW) et de l&rsquo;Universit\u00e9 de M\u00e9decine de Varsovie (WUM), \u00e0 laquelle ont particip\u00e9 les recteurs et vice-recteurs de l&rsquo;UW et de la WUM du mandat actuel, ainsi que les nouvelles \u00e9quipes de recteurs des deux universit\u00e9s, qui entreront en [&hellip;]<\/p>\n","protected":false},"author":11,"featured_media":0,"comment_status":"closed","ping_status":"closed","sticky":false,"template":"","format":"standard","meta":[],"categories":[35],"tags":[],"_links":{"self":[{"href":"https:\/\/www.polishscience.pl\/fr\/wp-json\/wp\/v2\/posts\/142833"}],"collection":[{"href":"https:\/\/www.polishscience.pl\/fr\/wp-json\/wp\/v2\/posts"}],"about":[{"href":"https:\/\/www.polishscience.pl\/fr\/wp-json\/wp\/v2\/types\/post"}],"author":[{"embeddable":true,"href":"https:\/\/www.polishscience.pl\/fr\/wp-json\/wp\/v2\/users\/11"}],"replies":[{"embeddable":true,"href":"https:\/\/www.polishscience.pl\/fr\/wp-json\/wp\/v2\/comments?post=142833"}],"version-history":[{"count":0,"href":"https:\/\/www.polishscience.pl\/fr\/wp-json\/wp\/v2\/posts\/142833\/revisions"}],"wp:attachment":[{"href":"https:\/\/www.polishscience.pl\/fr\/wp-json\/wp\/v2\/media?parent=142833"}],"wp:term":[{"taxonomy":"category","embeddable":true,"href":"https:\/\/www.polishscience.pl\/fr\/wp-json\/wp\/v2\/categories?post=142833"},{"taxonomy":"post_tag","embeddable":true,"href":"https:\/\/www.polishscience.pl\/fr\/wp-json\/wp\/v2\/tags?post=142833"}],"curies":[{"name":"wp","href":"https:\/\/api.w.org\/{rel}","templated":true}]}}