{"id":142486,"date":"2020-08-24T15:29:14","date_gmt":"2020-08-24T13:29:14","guid":{"rendered":"https:\/\/polishscience.pl\/?p=142486"},"modified":"2020-08-24T15:29:14","modified_gmt":"2020-08-24T13:29:14","slug":"la-xviie-conference-linformatique-dans-leducation-en-septembre-a-distance","status":"publish","type":"post","link":"https:\/\/www.polishscience.pl\/fr\/la-xviie-conference-linformatique-dans-leducation-en-septembre-a-distance\/","title":{"rendered":"La XVIIe Conf\u00e9rence \u00ab\u00a0L&rsquo;informatique dans l&rsquo;\u00e9ducation\u00a0\u00bb &#8211; en septembre  \u00e0 distance"},"content":{"rendered":"<p class=\"Standard\"><strong><span lang=\"EN-US\" style=\"font-family: 'Times New Roman',serif;\">\u00ab\u00a0L\u2019\u00e9ducation informatique et le d\u00e9veloppement de la soci\u00e9t\u00e9. L&rsquo;apprentissage \u00e0 distance\u00a0\u00bb sera le th\u00e8me de la 17e conf\u00e9rence \u00ab\u00a0L&rsquo;informatique dans l&rsquo;\u00e9ducation\u00a0\u00bb, qui, du 22 au 25 septembre, est organis\u00e9e par la Facult\u00e9 de Math\u00e9matiques et d&rsquo;Informatique de l&rsquo;Universit\u00e9 Nicolas Copernic de Torun, en coop\u00e9ration avec la branche Coujavie-pom\u00e9ranienne de l&rsquo;Association Polonaise de l&rsquo;Informatique.<\/span><\/strong><\/p>\n<p class=\"Standard\"><span lang=\"EN-US\" style=\"font-family: 'Times New Roman',serif;\">Cette ann\u00e9e, l&rsquo;\u00e9dition de la conf\u00e9rence se d\u00e9roulera enti\u00e8rement via Internet. Le th\u00e8me principal de la rencontre reste l&rsquo;informatique, dont l&rsquo;\u00e9tendue de l&rsquo;enseignement est d\u00e9termin\u00e9e par le programme actuel de base. <\/span><\/p>\n<p class=\"Standard\"><span lang=\"EN-US\" style=\"font-family: 'Times New Roman',serif;\">Le sujet des discours est : Les aspects substantiels et m\u00e9thodiques de l&rsquo;enseignement de l&rsquo;informatique ; les aspects substantiels et m\u00e9thodiques de l&rsquo;enseignement \u00e0 distance ; l\u2019organisation de l&rsquo;enseignement \u00e0 distance du point de vue du directeur, de l&rsquo;enseignant, du parent, de l&rsquo;\u00e9l\u00e8ve ; l\u2019informatique et l\u2019enseignement \u00e0 distance et les besoins des \u00e9coles, des enseignants, des \u00e9l\u00e8ves, des parents ; la pr\u00e9paration des enseignants \u00e0 l&rsquo;enseignement de l&rsquo;informatique et du travail \u00e0 distance et la vision d&rsquo;une nouvelle \u00e9cole.<\/span><\/p>\n","protected":false},"excerpt":{"rendered":"<p>\u00ab\u00a0L\u2019\u00e9ducation informatique et le d\u00e9veloppement de la soci\u00e9t\u00e9. L&rsquo;apprentissage \u00e0 distance\u00a0\u00bb sera le th\u00e8me de la 17e conf\u00e9rence \u00ab\u00a0L&rsquo;informatique dans l&rsquo;\u00e9ducation\u00a0\u00bb, qui, du 22 au 25 septembre, est organis\u00e9e par la Facult\u00e9 de Math\u00e9matiques et d&rsquo;Informatique de l&rsquo;Universit\u00e9 Nicolas Copernic de Torun, en coop\u00e9ration avec la branche Coujavie-pom\u00e9ranienne de l&rsquo;Association Polonaise de l&rsquo;Informatique. Cette ann\u00e9e, [&hellip;]<\/p>\n","protected":false},"author":11,"featured_media":0,"comment_status":"closed","ping_status":"closed","sticky":false,"template":"","format":"standard","meta":[],"categories":[41],"tags":[],"_links":{"self":[{"href":"https:\/\/www.polishscience.pl\/fr\/wp-json\/wp\/v2\/posts\/142486"}],"collection":[{"href":"https:\/\/www.polishscience.pl\/fr\/wp-json\/wp\/v2\/posts"}],"about":[{"href":"https:\/\/www.polishscience.pl\/fr\/wp-json\/wp\/v2\/types\/post"}],"author":[{"embeddable":true,"href":"https:\/\/www.polishscience.pl\/fr\/wp-json\/wp\/v2\/users\/11"}],"replies":[{"embeddable":true,"href":"https:\/\/www.polishscience.pl\/fr\/wp-json\/wp\/v2\/comments?post=142486"}],"version-history":[{"count":0,"href":"https:\/\/www.polishscience.pl\/fr\/wp-json\/wp\/v2\/posts\/142486\/revisions"}],"wp:attachment":[{"href":"https:\/\/www.polishscience.pl\/fr\/wp-json\/wp\/v2\/media?parent=142486"}],"wp:term":[{"taxonomy":"category","embeddable":true,"href":"https:\/\/www.polishscience.pl\/fr\/wp-json\/wp\/v2\/categories?post=142486"},{"taxonomy":"post_tag","embeddable":true,"href":"https:\/\/www.polishscience.pl\/fr\/wp-json\/wp\/v2\/tags?post=142486"}],"curies":[{"name":"wp","href":"https:\/\/api.w.org\/{rel}","templated":true}]}}