{"id":142483,"date":"2020-08-24T15:29:10","date_gmt":"2020-08-24T13:29:10","guid":{"rendered":"https:\/\/polishscience.pl\/?p=142483"},"modified":"2020-08-24T15:29:10","modified_gmt":"2020-08-24T13:29:10","slug":"des-chercheurs-de-luniversite-de-technologie-de-pomeranie-occidentale-recoivent-une-subvention-pour-les-barrieres-antimicrobiennes","status":"publish","type":"post","link":"https:\/\/www.polishscience.pl\/fr\/des-chercheurs-de-luniversite-de-technologie-de-pomeranie-occidentale-recoivent-une-subvention-pour-les-barrieres-antimicrobiennes\/","title":{"rendered":"Des chercheurs de l&rsquo;Universit\u00e9 de Technologie de Pom\u00e9ranie occidentale re\u00e7oivent une subvention pour les barri\u00e8res antimicrobiennes"},"content":{"rendered":"<p class=\"Standard\"><strong><span lang=\"EN-US\" style=\"font-family: 'Times New Roman',serif;\">\u00ab\u00a0Les barri\u00e8res antimicrobiennes d\u00e9riv\u00e9es magn\u00e9troniquement\u00a0\u00bb. &#8211; est un concept qui sera mis en \u0153uvre par les scientifiques de la Facult\u00e9 de Technologie et de G\u00e9nie Chimique de l&rsquo;Universit\u00e9 Technologique de Pom\u00e9ranie occidentale \u00e0 Szczecin dans le cadre du projet \u00ab\u00a0Proto_lab socialement responsable\u00a0\u00bb, informe l&rsquo;universit\u00e9.<\/span><\/strong><\/p>\n<p class=\"Standard\"><span lang=\"EN-US\" style=\"font-family: 'Times New Roman',serif;\">Gr\u00e2ce \u00e0 une subvention de pr\u00e8s de 127 000 PLN, une \u00e9quipe de scientifiques de l&rsquo;Universit\u00e9 de Technologie de Szczecin testera la technologie microbiologique de protection des objets d&rsquo;usage courant, tels que : les masques, les cl\u00e9s, les stylos, les terminaux bancaires contre la pr\u00e9sence de micro-organismes. Les chercheurs recouvriront leurs surfaces de nanomat\u00e9riaux. <\/span><\/p>\n<p class=\"Standard\"><span lang=\"EN-US\" style=\"font-family: 'Times New Roman',serif;\">L&rsquo;argent lanc\u00e9 pour la r\u00e9alisation des subventions dans le cadre du paquet anti-crise de la Pom\u00e9ranie occidentale, dont le projet \u00ab\u00a0Proto_lab socialement responsable\u00a0\u00bb fait partie, provient des fonds europ\u00e9ens du programme op\u00e9rationnel r\u00e9gional de la vo\u00efvodie de Pom\u00e9ranie occidentale pour 2014-2020.<\/span><\/p>\n","protected":false},"excerpt":{"rendered":"<p>\u00ab\u00a0Les barri\u00e8res antimicrobiennes d\u00e9riv\u00e9es magn\u00e9troniquement\u00a0\u00bb. &#8211; est un concept qui sera mis en \u0153uvre par les scientifiques de la Facult\u00e9 de Technologie et de G\u00e9nie Chimique de l&rsquo;Universit\u00e9 Technologique de Pom\u00e9ranie occidentale \u00e0 Szczecin dans le cadre du projet \u00ab\u00a0Proto_lab socialement responsable\u00a0\u00bb, informe l&rsquo;universit\u00e9. Gr\u00e2ce \u00e0 une subvention de pr\u00e8s de 127 000 PLN, une [&hellip;]<\/p>\n","protected":false},"author":11,"featured_media":0,"comment_status":"closed","ping_status":"closed","sticky":false,"template":"","format":"standard","meta":[],"categories":[38,39],"tags":[],"_links":{"self":[{"href":"https:\/\/www.polishscience.pl\/fr\/wp-json\/wp\/v2\/posts\/142483"}],"collection":[{"href":"https:\/\/www.polishscience.pl\/fr\/wp-json\/wp\/v2\/posts"}],"about":[{"href":"https:\/\/www.polishscience.pl\/fr\/wp-json\/wp\/v2\/types\/post"}],"author":[{"embeddable":true,"href":"https:\/\/www.polishscience.pl\/fr\/wp-json\/wp\/v2\/users\/11"}],"replies":[{"embeddable":true,"href":"https:\/\/www.polishscience.pl\/fr\/wp-json\/wp\/v2\/comments?post=142483"}],"version-history":[{"count":0,"href":"https:\/\/www.polishscience.pl\/fr\/wp-json\/wp\/v2\/posts\/142483\/revisions"}],"wp:attachment":[{"href":"https:\/\/www.polishscience.pl\/fr\/wp-json\/wp\/v2\/media?parent=142483"}],"wp:term":[{"taxonomy":"category","embeddable":true,"href":"https:\/\/www.polishscience.pl\/fr\/wp-json\/wp\/v2\/categories?post=142483"},{"taxonomy":"post_tag","embeddable":true,"href":"https:\/\/www.polishscience.pl\/fr\/wp-json\/wp\/v2\/tags?post=142483"}],"curies":[{"name":"wp","href":"https:\/\/api.w.org\/{rel}","templated":true}]}}