{"id":141828,"date":"2020-08-19T14:11:14","date_gmt":"2020-08-19T12:11:14","guid":{"rendered":"https:\/\/polishscience.pl\/?p=141828"},"modified":"2020-08-19T14:11:14","modified_gmt":"2020-08-19T12:11:14","slug":"des-chercheurs-etudient-le-risque-de-vieillissement-premature-et-tardif","status":"publish","type":"post","link":"https:\/\/www.polishscience.pl\/fr\/des-chercheurs-etudient-le-risque-de-vieillissement-premature-et-tardif\/","title":{"rendered":"Des chercheurs \u00e9tudient le risque de vieillissement pr\u00e9matur\u00e9 et tardif"},"content":{"rendered":"<p class=\"Standard\"><span lang=\"EN-US\" style=\"font-family: 'Times New Roman',serif;\"><strong>Des chercheurs de l&rsquo;Universit\u00e9 de \u0141\u00f3d\u017a (U\u0141) en consortium avec l&rsquo;Universit\u00e9 Jagiellonne de Cracovie et l&rsquo;Universit\u00e9 de M\u00e9decine de Pom\u00e9ranie \u00e0 Szczecin participent \u00e0 un projet qui permettra bient\u00f4t de pr\u00e9dire le risque de vieillissement pr\u00e9matur\u00e9 et tardif.<\/strong> <\/span><\/p>\n<p class=\"Standard\"><span lang=\"EN-US\" style=\"font-family: 'Times New Roman',serif;\">Le projet est financ\u00e9 par le Centre National de Recherche et de D\u00e9veloppement.<\/span><\/p>\n<p class=\"Standard\"><span lang=\"EN-US\" style=\"font-family: 'Times New Roman',serif;\">Comme l&rsquo;a d\u00e9clar\u00e9 le professeur Aneta Sitek du D\u00e9partement d&rsquo;Anthropologie de l&rsquo;Universit\u00e9 de \u0141\u00f3d\u017a, qui supervise les recherches de l&rsquo;universit\u00e9, les chercheurs de \u0141\u00f3d\u017a veulent examiner 300 personnes de plus de 30 ans. \u00c0 ce jour, 50 personnes ont postul\u00e9 et il reste 250 postes vacants.<\/span><\/p>\n<p class=\"Standard\"><span lang=\"EN-US\" style=\"font-family: 'Times New Roman',serif;\">L&rsquo;objectif de l&rsquo;\u00e9tude est de trouver des marqueurs g\u00e9n\u00e9tiques et \u00e9pig\u00e9n\u00e9tiques (les changements survenant dans le g\u00e9nome ind\u00e9pendamment des modifications de la s\u00e9quence d&rsquo;ADN). Cela permettra de pr\u00e9voir le risque de vieillissement pr\u00e9matur\u00e9, notamment l&rsquo;apparition d&rsquo;une alop\u00e9cie pr\u00e9coce, de rides, ainsi que le vieillissement tardif.<\/span><\/p>\n<p class=\"Standard\"><span lang=\"EN-US\" style=\"font-family: 'Times New Roman',serif;\">L&rsquo;examen dure 30 \u00e0 40 minutes et consiste \u00e0 pr\u00e9lever du sang et un frottis de la muqueuse de la cavit\u00e9 buccale, ainsi qu&rsquo;\u00e0 prendre des photos et \u00e0 scanner le visage et la t\u00eate.<\/span><\/p>\n","protected":false},"excerpt":{"rendered":"<p>Des chercheurs de l&rsquo;Universit\u00e9 de \u0141\u00f3d\u017a (U\u0141) en consortium avec l&rsquo;Universit\u00e9 Jagiellonne de Cracovie et l&rsquo;Universit\u00e9 de M\u00e9decine de Pom\u00e9ranie \u00e0 Szczecin participent \u00e0 un projet qui permettra bient\u00f4t de pr\u00e9dire le risque de vieillissement pr\u00e9matur\u00e9 et tardif. Le projet est financ\u00e9 par le Centre National de Recherche et de D\u00e9veloppement. Comme l&rsquo;a d\u00e9clar\u00e9 le [&hellip;]<\/p>\n","protected":false},"author":11,"featured_media":0,"comment_status":"closed","ping_status":"closed","sticky":false,"template":"","format":"standard","meta":[],"categories":[39],"tags":[],"_links":{"self":[{"href":"https:\/\/www.polishscience.pl\/fr\/wp-json\/wp\/v2\/posts\/141828"}],"collection":[{"href":"https:\/\/www.polishscience.pl\/fr\/wp-json\/wp\/v2\/posts"}],"about":[{"href":"https:\/\/www.polishscience.pl\/fr\/wp-json\/wp\/v2\/types\/post"}],"author":[{"embeddable":true,"href":"https:\/\/www.polishscience.pl\/fr\/wp-json\/wp\/v2\/users\/11"}],"replies":[{"embeddable":true,"href":"https:\/\/www.polishscience.pl\/fr\/wp-json\/wp\/v2\/comments?post=141828"}],"version-history":[{"count":0,"href":"https:\/\/www.polishscience.pl\/fr\/wp-json\/wp\/v2\/posts\/141828\/revisions"}],"wp:attachment":[{"href":"https:\/\/www.polishscience.pl\/fr\/wp-json\/wp\/v2\/media?parent=141828"}],"wp:term":[{"taxonomy":"category","embeddable":true,"href":"https:\/\/www.polishscience.pl\/fr\/wp-json\/wp\/v2\/categories?post=141828"},{"taxonomy":"post_tag","embeddable":true,"href":"https:\/\/www.polishscience.pl\/fr\/wp-json\/wp\/v2\/tags?post=141828"}],"curies":[{"name":"wp","href":"https:\/\/api.w.org\/{rel}","templated":true}]}}