{"id":140715,"date":"2020-08-12T14:47:08","date_gmt":"2020-08-12T12:47:08","guid":{"rendered":"https:\/\/polishscience.pl\/?p=140715"},"modified":"2020-08-12T14:47:08","modified_gmt":"2020-08-12T12:47:08","slug":"gdynia-explory-week-est-cette-annee-entierement-sur-internet","status":"publish","type":"post","link":"https:\/\/www.polishscience.pl\/fr\/gdynia-explory-week-est-cette-annee-entierement-sur-internet\/","title":{"rendered":"Gdynia E(x)plory week est cette ann\u00e9e enti\u00e8rement sur Internet"},"content":{"rendered":"<p><strong>La Fondation pour les Technologies Avanc\u00e9es et le Parc Scientifique et Technologique de Pom\u00e9ranie invitent \u00e0 la Semaine de l&rsquo;E(x)plory de Gdynia &#8211; le plus grand \u00e9v\u00e9nement de promotion des sciences et des technologies modernes en Pologne organis\u00e9 depuis 2013.<\/strong><\/p>\n<p>Cette ann\u00e9e, tant le Congr\u00e8s, qui aura lieu les 24 et 25 septembre, que les \u00e9tapes r\u00e9gionales et la finale du Concours scientifique E(x)plory et des Festivals E(x)plory promouvant la science aupr\u00e8s des jeunes changent de formule et seront enti\u00e8rement disponibles en ligne.<\/p>\n<p>Sur la plateforme virtuelle, il sera possible de participer \u00e0 des conf\u00e9rences et des discussions sur les formes alternatives d&rsquo;\u00e9ducation. Sur la base d&rsquo;exemples pratiques tir\u00e9s de leurs propres institutions, les invit\u00e9s du Congr\u00e8s parleront, entre autres, de l&rsquo;influence du stress sur le cerveau, de la mani\u00e8re d&rsquo;enseigner sans manuel scolaire, de ce qu&rsquo;est l&rsquo;\u00e9ducation d\u00e9mocratique et de ce qu&rsquo;est la pens\u00e9e visuelle &#8211; lit-on sur le site web du Parc Scientifique et Technologique de Pom\u00e9ranie \u00e0 Gdynia.<\/p>\n","protected":false},"excerpt":{"rendered":"<p>La Fondation pour les Technologies Avanc\u00e9es et le Parc Scientifique et Technologique de Pom\u00e9ranie invitent \u00e0 la Semaine de l&rsquo;E(x)plory de Gdynia &#8211; le plus grand \u00e9v\u00e9nement de promotion des sciences et des technologies modernes en Pologne organis\u00e9 depuis 2013. Cette ann\u00e9e, tant le Congr\u00e8s, qui aura lieu les 24 et 25 septembre, que les [&hellip;]<\/p>\n","protected":false},"author":11,"featured_media":0,"comment_status":"closed","ping_status":"closed","sticky":false,"template":"","format":"standard","meta":[],"categories":[41],"tags":[],"_links":{"self":[{"href":"https:\/\/www.polishscience.pl\/fr\/wp-json\/wp\/v2\/posts\/140715"}],"collection":[{"href":"https:\/\/www.polishscience.pl\/fr\/wp-json\/wp\/v2\/posts"}],"about":[{"href":"https:\/\/www.polishscience.pl\/fr\/wp-json\/wp\/v2\/types\/post"}],"author":[{"embeddable":true,"href":"https:\/\/www.polishscience.pl\/fr\/wp-json\/wp\/v2\/users\/11"}],"replies":[{"embeddable":true,"href":"https:\/\/www.polishscience.pl\/fr\/wp-json\/wp\/v2\/comments?post=140715"}],"version-history":[{"count":0,"href":"https:\/\/www.polishscience.pl\/fr\/wp-json\/wp\/v2\/posts\/140715\/revisions"}],"wp:attachment":[{"href":"https:\/\/www.polishscience.pl\/fr\/wp-json\/wp\/v2\/media?parent=140715"}],"wp:term":[{"taxonomy":"category","embeddable":true,"href":"https:\/\/www.polishscience.pl\/fr\/wp-json\/wp\/v2\/categories?post=140715"},{"taxonomy":"post_tag","embeddable":true,"href":"https:\/\/www.polishscience.pl\/fr\/wp-json\/wp\/v2\/tags?post=140715"}],"curies":[{"name":"wp","href":"https:\/\/api.w.org\/{rel}","templated":true}]}}