{"id":140707,"date":"2020-08-12T12:44:15","date_gmt":"2020-08-12T10:44:15","guid":{"rendered":"https:\/\/polishscience.pl\/?p=140707"},"modified":"2020-08-12T14:44:31","modified_gmt":"2020-08-12T12:44:31","slug":"la-conference-scientifique-les-voies-communes-les-humanistes-sur-lhomme","status":"publish","type":"post","link":"https:\/\/www.polishscience.pl\/fr\/la-conference-scientifique-les-voies-communes-les-humanistes-sur-lhomme\/","title":{"rendered":"La conf\u00e9rence scientifique Les voies communes \u00ab\u00a0Les humanistes sur l&rsquo;homme\u00a0\u00bb"},"content":{"rendered":"<p>Le Cercle Scientifique des doctorants de la Facult\u00e9 des Sciences Humaines, le Conseil de la Facult\u00e9 de l&rsquo;Autonomie des Doctorants et le Conseil de la Facult\u00e9 de l&rsquo;Autonomie des \u00c9tudiants de la Facult\u00e9 des Sciences Humaines de l&rsquo;Universit\u00e9 Maria Curie-Sk\u0142odowska (UMCS) de Lublin invitent les \u00e9tudiants et les doctorants de toutes les facult\u00e9s des sciences humaines \u00e0 participer \u00e0 la conf\u00e9rence scientifique intitul\u00e9e \u00ab\u00a0Les voies communes \u00ab\u00a0Les humanistes sur l&rsquo;homme\u00a0\u00bb\u00a0\u00bb, qui se tiendra les 21-22 septembre 2020.<\/p>\n<p>La conf\u00e9rence se tiendra \u00e0 distance.<\/p>\n<p>L&rsquo;objectif de l&rsquo;\u00e9v\u00e9nement est de cr\u00e9er un forum de dialogue pour les jeunes scientifiques. Les organisateurs esp\u00e8rent que les th\u00e8mes propos\u00e9s permettront la participation de repr\u00e9sentants de nombreuses disciplines des sciences humaines et permettront la pr\u00e9sentation des r\u00e9sultats des recherches men\u00e9es par les \u00e9tudiants et les doctorants de diff\u00e9rents centres scientifiques en Pologne et \u00e0 l&rsquo;\u00e9tranger.<\/p>\n<p>Pour plus d\u2019informations :<\/p>\n<p><a href=\"https:\/\/phavi.umcs.pl\/at\/attachments\/2020\/0710\/143727-formularz-zgloszeniowy-wspolne-drogi-2020-1-.doc\">https:\/\/phavi.umcs.pl\/at\/attachments\/2020\/0710\/143727-formularz-zgloszeniowy-wspolne-drogi-2020-1-.doc<\/a><\/p>\n","protected":false},"excerpt":{"rendered":"<p>Le Cercle Scientifique des doctorants de la Facult\u00e9 des Sciences Humaines, le Conseil de la Facult\u00e9 de l&rsquo;Autonomie des Doctorants et le Conseil de la Facult\u00e9 de l&rsquo;Autonomie des \u00c9tudiants de la Facult\u00e9 des Sciences Humaines de l&rsquo;Universit\u00e9 Maria Curie-Sk\u0142odowska (UMCS) de Lublin invitent les \u00e9tudiants et les doctorants de toutes les facult\u00e9s des sciences [&hellip;]<\/p>\n","protected":false},"author":11,"featured_media":0,"comment_status":"closed","ping_status":"closed","sticky":false,"template":"","format":"standard","meta":[],"categories":[41,37],"tags":[],"_links":{"self":[{"href":"https:\/\/www.polishscience.pl\/fr\/wp-json\/wp\/v2\/posts\/140707"}],"collection":[{"href":"https:\/\/www.polishscience.pl\/fr\/wp-json\/wp\/v2\/posts"}],"about":[{"href":"https:\/\/www.polishscience.pl\/fr\/wp-json\/wp\/v2\/types\/post"}],"author":[{"embeddable":true,"href":"https:\/\/www.polishscience.pl\/fr\/wp-json\/wp\/v2\/users\/11"}],"replies":[{"embeddable":true,"href":"https:\/\/www.polishscience.pl\/fr\/wp-json\/wp\/v2\/comments?post=140707"}],"version-history":[{"count":0,"href":"https:\/\/www.polishscience.pl\/fr\/wp-json\/wp\/v2\/posts\/140707\/revisions"}],"wp:attachment":[{"href":"https:\/\/www.polishscience.pl\/fr\/wp-json\/wp\/v2\/media?parent=140707"}],"wp:term":[{"taxonomy":"category","embeddable":true,"href":"https:\/\/www.polishscience.pl\/fr\/wp-json\/wp\/v2\/categories?post=140707"},{"taxonomy":"post_tag","embeddable":true,"href":"https:\/\/www.polishscience.pl\/fr\/wp-json\/wp\/v2\/tags?post=140707"}],"curies":[{"name":"wp","href":"https:\/\/api.w.org\/{rel}","templated":true}]}}