{"id":140341,"date":"2020-08-10T21:01:09","date_gmt":"2020-08-10T19:01:09","guid":{"rendered":"https:\/\/polishscience.pl\/?p=140341"},"modified":"2020-08-10T21:01:09","modified_gmt":"2020-08-10T19:01:09","slug":"le-projet-du-programme-horizon-2020-pour-luniversite-des-sciences-humaines-et-de-la-vie-jan-dlugosz","status":"publish","type":"post","link":"https:\/\/www.polishscience.pl\/fr\/le-projet-du-programme-horizon-2020-pour-luniversite-des-sciences-humaines-et-de-la-vie-jan-dlugosz\/","title":{"rendered":"Le projet du programme Horizon 2020 pour l&rsquo;Universit\u00e9 des Sciences Humaines et de la Vie  Jan D\u0142ugosz"},"content":{"rendered":"<p class=\"Standard\"><strong><span lang=\"EN-US\" style=\"font-family: 'Times New Roman',serif;\">L&rsquo;Universit\u00e9 des Sciences Humaines et de la Vie Jan D\u0142ugosz \u00e0 Cz\u0119stochowa va mettre en \u0153uvre le projet \u00ab\u00a0De-Radicalisation en Europe et au-del\u00e0 : d\u00e9tecter, r\u00e9soudre et r\u00e9int\u00e9grer\u00a0\u00bb, financ\u00e9 par le programme Horizon 2020, informe l&rsquo;universit\u00e9.<\/span><\/strong><\/p>\n<p class=\"Standard\"><span lang=\"EN-US\" style=\"font-family: 'Times New Roman',serif;\">L&rsquo;objectif du projet est d&rsquo;identifier les contextes sociaux conduisant \u00e0 la radicalisation afin d&rsquo;\u00e9laborer des recommandations pour contrer l&rsquo;extr\u00e9misme et la violence qui en r\u00e9sulte, et d&rsquo;examiner comment les individus radicalis\u00e9s peuvent \u00eatre int\u00e9gr\u00e9s sans violer leurs droits et libert\u00e9s. <\/span><\/p>\n<p class=\"Standard\"><span lang=\"EN-US\" style=\"font-family: 'Times New Roman',serif;\">Le projet est coordonn\u00e9 par l&rsquo;universit\u00e9 cal\u00e9donienne de Glasgow au Royaume-Uni, les autres b\u00e9n\u00e9ficiaires \u00e9tant la Freie Universitaet \u00e0 Berlin, l&rsquo;Universit\u00e9 de Belgrade, l&rsquo;Universit\u00e9 Ben Gourion en Isra\u00ebl, l&rsquo;Universit\u00e9 d&rsquo;Istanbul, l&rsquo;Universit\u00e9 de Florence, l&rsquo;Universit\u00e9 Yarmouk en Jordanie, l&rsquo;Universit\u00e9 am\u00e9ricaine \u00e0 Paris, l&rsquo;Universit\u00e9 Burnel \u00e0 Londres, l&rsquo;Universit\u00e9 d&rsquo;Helsinki et l&rsquo;Acad\u00e9mie Autrichienne des Sciences.<\/span><\/p>\n","protected":false},"excerpt":{"rendered":"<p>L&rsquo;Universit\u00e9 des Sciences Humaines et de la Vie Jan D\u0142ugosz \u00e0 Cz\u0119stochowa va mettre en \u0153uvre le projet \u00ab\u00a0De-Radicalisation en Europe et au-del\u00e0 : d\u00e9tecter, r\u00e9soudre et r\u00e9int\u00e9grer\u00a0\u00bb, financ\u00e9 par le programme Horizon 2020, informe l&rsquo;universit\u00e9. L&rsquo;objectif du projet est d&rsquo;identifier les contextes sociaux conduisant \u00e0 la radicalisation afin d&rsquo;\u00e9laborer des recommandations pour contrer l&rsquo;extr\u00e9misme [&hellip;]<\/p>\n","protected":false},"author":11,"featured_media":0,"comment_status":"closed","ping_status":"closed","sticky":false,"template":"","format":"standard","meta":[],"categories":[35],"tags":[],"_links":{"self":[{"href":"https:\/\/www.polishscience.pl\/fr\/wp-json\/wp\/v2\/posts\/140341"}],"collection":[{"href":"https:\/\/www.polishscience.pl\/fr\/wp-json\/wp\/v2\/posts"}],"about":[{"href":"https:\/\/www.polishscience.pl\/fr\/wp-json\/wp\/v2\/types\/post"}],"author":[{"embeddable":true,"href":"https:\/\/www.polishscience.pl\/fr\/wp-json\/wp\/v2\/users\/11"}],"replies":[{"embeddable":true,"href":"https:\/\/www.polishscience.pl\/fr\/wp-json\/wp\/v2\/comments?post=140341"}],"version-history":[{"count":0,"href":"https:\/\/www.polishscience.pl\/fr\/wp-json\/wp\/v2\/posts\/140341\/revisions"}],"wp:attachment":[{"href":"https:\/\/www.polishscience.pl\/fr\/wp-json\/wp\/v2\/media?parent=140341"}],"wp:term":[{"taxonomy":"category","embeddable":true,"href":"https:\/\/www.polishscience.pl\/fr\/wp-json\/wp\/v2\/categories?post=140341"},{"taxonomy":"post_tag","embeddable":true,"href":"https:\/\/www.polishscience.pl\/fr\/wp-json\/wp\/v2\/tags?post=140341"}],"curies":[{"name":"wp","href":"https:\/\/api.w.org\/{rel}","templated":true}]}}