{"id":140016,"date":"2020-08-07T15:31:14","date_gmt":"2020-08-07T13:31:14","guid":{"rendered":"https:\/\/polishscience.pl\/?p=140016"},"modified":"2020-08-07T15:31:47","modified_gmt":"2020-08-07T13:31:47","slug":"un-rucher-educatif-et-un-jardin-social-a-linstitut-a-nadnotecki-de-luniversite-adam-mickiewicz","status":"publish","type":"post","link":"https:\/\/www.polishscience.pl\/fr\/un-rucher-educatif-et-un-jardin-social-a-linstitut-a-nadnotecki-de-luniversite-adam-mickiewicz\/","title":{"rendered":"Un rucher \u00e9ducatif et un jardin social \u00e0 l&rsquo;Institut \u00e0 Nadnotecki de l&rsquo;Universit\u00e9 Adam Mickiewicz"},"content":{"rendered":"<p><strong>Dans les locaux de l&rsquo;Institut de Nadnotecki de l&rsquo;Universit\u00e9 Adam Mickiewicz \u00e0 Pi\u0142a, un rucher \u00e9ducatif et un jardin social de permaculture sont en cours de cr\u00e9ation. La premi\u00e8re ruche est d\u00e9j\u00e0 habit\u00e9e par des abeilles douces et travailleuses de la lign\u00e9e galicienne polonaise Krainka.<\/strong><\/p>\n<p>Le rucher et le jardin forment un jardin naturaliste autour du b\u00e2timent de l&rsquo;Institut de Nadnotecki de l&rsquo;Universit\u00e9 Adam Mickiewicz \u00e0 Pi\u0142a. Les scientifiques y pr\u00e9voient des recherches exp\u00e9rimentales sur les changements de la v\u00e9g\u00e9tation dans les villes et les jardins familiaux li\u00e9s au changement climatique.<\/p>\n<p>Le jardin est cr\u00e9\u00e9 en coop\u00e9ration avec la Fondation des Abeilles et l\u2019At\u00e9lier des Arts du Jardin. La zone a d\u00e9j\u00e0 \u00e9t\u00e9 cl\u00f4tur\u00e9e, une prairie de fleurs a \u00e9galement \u00e9t\u00e9 cr\u00e9\u00e9e. Une ceinture alimentaire est en cours de pr\u00e9paration pour les abeilles, qui fleuriront progressivement pendant toute la saison de v\u00e9g\u00e9tation, fournissant de la nourriture aux insectes.<\/p>\n<p>Les abeilles ont \u00e9galement trouv\u00e9 leur place dans l\u2019enceinte de l&rsquo;Universit\u00e9 Adam Mickiewicz de Poznan. En automne 2019, des maisons individuelles et des h\u00f4tels ont \u00e9t\u00e9 plac\u00e9s pour eux dnas le campus de Morasko &#8211; lit-on sur le site de l&rsquo;universit\u00e9.<\/p>\n","protected":false},"excerpt":{"rendered":"<p>Dans les locaux de l&rsquo;Institut de Nadnotecki de l&rsquo;Universit\u00e9 Adam Mickiewicz \u00e0 Pi\u0142a, un rucher \u00e9ducatif et un jardin social de permaculture sont en cours de cr\u00e9ation. La premi\u00e8re ruche est d\u00e9j\u00e0 habit\u00e9e par des abeilles douces et travailleuses de la lign\u00e9e galicienne polonaise Krainka. Le rucher et le jardin forment un jardin naturaliste autour [&hellip;]<\/p>\n","protected":false},"author":11,"featured_media":0,"comment_status":"closed","ping_status":"closed","sticky":false,"template":"","format":"standard","meta":[],"categories":[41],"tags":[],"_links":{"self":[{"href":"https:\/\/www.polishscience.pl\/fr\/wp-json\/wp\/v2\/posts\/140016"}],"collection":[{"href":"https:\/\/www.polishscience.pl\/fr\/wp-json\/wp\/v2\/posts"}],"about":[{"href":"https:\/\/www.polishscience.pl\/fr\/wp-json\/wp\/v2\/types\/post"}],"author":[{"embeddable":true,"href":"https:\/\/www.polishscience.pl\/fr\/wp-json\/wp\/v2\/users\/11"}],"replies":[{"embeddable":true,"href":"https:\/\/www.polishscience.pl\/fr\/wp-json\/wp\/v2\/comments?post=140016"}],"version-history":[{"count":0,"href":"https:\/\/www.polishscience.pl\/fr\/wp-json\/wp\/v2\/posts\/140016\/revisions"}],"wp:attachment":[{"href":"https:\/\/www.polishscience.pl\/fr\/wp-json\/wp\/v2\/media?parent=140016"}],"wp:term":[{"taxonomy":"category","embeddable":true,"href":"https:\/\/www.polishscience.pl\/fr\/wp-json\/wp\/v2\/categories?post=140016"},{"taxonomy":"post_tag","embeddable":true,"href":"https:\/\/www.polishscience.pl\/fr\/wp-json\/wp\/v2\/tags?post=140016"}],"curies":[{"name":"wp","href":"https:\/\/api.w.org\/{rel}","templated":true}]}}