{"id":140012,"date":"2020-08-07T14:08:51","date_gmt":"2020-08-07T12:08:51","guid":{"rendered":"https:\/\/polishscience.pl\/?p=140012"},"modified":"2020-08-07T14:08:51","modified_gmt":"2020-08-07T12:08:51","slug":"le-reseau-de-recherche-lukasiewicz-coopere-avec-le-ministere-de-la-defense-nationale","status":"publish","type":"post","link":"https:\/\/www.polishscience.pl\/fr\/le-reseau-de-recherche-lukasiewicz-coopere-avec-le-ministere-de-la-defense-nationale\/","title":{"rendered":"Le R\u00e9seau de Recherche \u0141ukasiewicz coop\u00e8re avec le Minist\u00e8re de la D\u00e9fense Nationale"},"content":{"rendered":"<p class=\"Standard\"><strong><span lang=\"EN-US\" style=\"font-family: 'Times New Roman',serif;\">Le R\u00e9seau de Recherche \u0141ukasiewicz a \u00e9tabli une coop\u00e9ration avec le Minist\u00e8re de la D\u00e9fense Nationale (MON), qui vise \u00e0 utiliser le potentiel des centres de recherche polonais pour moderniser l&rsquo;arm\u00e9e polonaise.<\/span><\/strong><\/p>\n<p class=\"Standard\"><span lang=\"EN-US\" style=\"font-family: 'Times New Roman',serif;\">Les scientifiques de Lukasiewicz et les repr\u00e9sentants du minist\u00e8re de la d\u00e9fense \u00e9changeront des exp\u00e9riences et des informations sur les technologies pouvant \u00eatre utilis\u00e9es dans les forces arm\u00e9es polonaises. Ils coop\u00e9reront \u00e9galement avec l&rsquo;Agence Europ\u00e9enne de D\u00e9fense (AED) et l&rsquo;Agence Spatiale Europ\u00e9enne (ESA).<\/span><\/p>\n<p class=\"Standard\"><span lang=\"EN-US\" style=\"font-family: 'Times New Roman',serif;\">\u0141ukasiewicz est un partenaire id\u00e9al pour les travaux de recherche et de d\u00e9veloppement de solutions aux besoins de d\u00e9fense au sens large et multidimensionnel. Le R\u00e9seau de Recherche \u0141ukasiewicz dispose de comp\u00e9tences et de solutions uniques pour le d\u00e9veloppement de la d\u00e9fense et de la s\u00e9curit\u00e9 de l&rsquo;\u00c9tat dans les quatre directions d&rsquo;activit\u00e9 : La mobilit\u00e9 intelligente, la transformation num\u00e9rique, l\u2019\u00e9conomie durable et l\u2019\u00e9nergie et la sant\u00e9 &#8211; a d\u00e9clar\u00e9 Piotr Dardzi\u0144ski, pr\u00e9sident du R\u00e9seau de Recherche \u0141ukasiewicz.<\/span><\/p>\n","protected":false},"excerpt":{"rendered":"<p>Le R\u00e9seau de Recherche \u0141ukasiewicz a \u00e9tabli une coop\u00e9ration avec le Minist\u00e8re de la D\u00e9fense Nationale (MON), qui vise \u00e0 utiliser le potentiel des centres de recherche polonais pour moderniser l&rsquo;arm\u00e9e polonaise. Les scientifiques de Lukasiewicz et les repr\u00e9sentants du minist\u00e8re de la d\u00e9fense \u00e9changeront des exp\u00e9riences et des informations sur les technologies pouvant \u00eatre [&hellip;]<\/p>\n","protected":false},"author":11,"featured_media":0,"comment_status":"closed","ping_status":"closed","sticky":false,"template":"","format":"standard","meta":[],"categories":[36],"tags":[],"_links":{"self":[{"href":"https:\/\/www.polishscience.pl\/fr\/wp-json\/wp\/v2\/posts\/140012"}],"collection":[{"href":"https:\/\/www.polishscience.pl\/fr\/wp-json\/wp\/v2\/posts"}],"about":[{"href":"https:\/\/www.polishscience.pl\/fr\/wp-json\/wp\/v2\/types\/post"}],"author":[{"embeddable":true,"href":"https:\/\/www.polishscience.pl\/fr\/wp-json\/wp\/v2\/users\/11"}],"replies":[{"embeddable":true,"href":"https:\/\/www.polishscience.pl\/fr\/wp-json\/wp\/v2\/comments?post=140012"}],"version-history":[{"count":0,"href":"https:\/\/www.polishscience.pl\/fr\/wp-json\/wp\/v2\/posts\/140012\/revisions"}],"wp:attachment":[{"href":"https:\/\/www.polishscience.pl\/fr\/wp-json\/wp\/v2\/media?parent=140012"}],"wp:term":[{"taxonomy":"category","embeddable":true,"href":"https:\/\/www.polishscience.pl\/fr\/wp-json\/wp\/v2\/categories?post=140012"},{"taxonomy":"post_tag","embeddable":true,"href":"https:\/\/www.polishscience.pl\/fr\/wp-json\/wp\/v2\/tags?post=140012"}],"curies":[{"name":"wp","href":"https:\/\/api.w.org\/{rel}","templated":true}]}}