{"id":139716,"date":"2020-08-06T13:04:17","date_gmt":"2020-08-06T11:04:17","guid":{"rendered":"https:\/\/polishscience.pl\/?p=139716"},"modified":"2020-08-06T18:04:41","modified_gmt":"2020-08-06T16:04:41","slug":"une-equipe-chargee-du-changement-climatique-et-de-la-crise-environnementale-a-luniversite-adam-mickiewicz","status":"publish","type":"post","link":"https:\/\/www.polishscience.pl\/fr\/une-equipe-chargee-du-changement-climatique-et-de-la-crise-environnementale-a-luniversite-adam-mickiewicz\/","title":{"rendered":"Une \u00e9quipe charg\u00e9e du changement climatique et de la crise environnementale \u00e0 l&rsquo;Universit\u00e9 Adam Mickiewicz"},"content":{"rendered":"<p class=\"Standard\"><strong><span lang=\"EN-US\" style=\"font-family: 'Times New Roman',serif;\">L&rsquo;Universit\u00e9 Adam Mickiewicz \u00e0 Pozna\u0144 (UAM) a mis en place un groupe de travail sur le changement climatique et la crise environnementale. Les chercheurs pr\u00e9pareront des diagnostics, des recommandations, coop\u00e9reront avec l&rsquo;environnement pour la protection du climat.<\/span><\/strong><\/p>\n<p class=\"Standard\"><span lang=\"EN-US\" style=\"font-family: 'Times New Roman',serif;\">Les chercheurs veulent d\u00e9velopper des m\u00e9thodes efficaces pour informer la soci\u00e9t\u00e9 sur le changement climatique et la crise environnementale, et initier et coordonner des activit\u00e9s de recherche, pr\u00e9parer des positions et des recommandations pour les autorit\u00e9s universitaires et les unit\u00e9s organisationnelles. En automne, l&rsquo;\u00e9quipe pr\u00e9voit un s\u00e9minaire interdisciplinaire sur l&rsquo;anthropoc\u00e8ne et le r\u00e9chauffement climatique.<\/span><\/p>\n<p class=\"Standard\"><span lang=\"EN-US\" style=\"font-family: 'Times New Roman',serif;\">&#8211; Nous aimerions que chaque \u00e9tudiant de l&rsquo;Universit\u00e9 Adam Mickiewicz acqui\u00e8re des connaissances sur l&rsquo;impact de l&rsquo;homme sur le climat et la nature au sens large. A l&rsquo;heure actuelle, peu de cours abordent les questions du r\u00e9chauffement climatique, de la crise \u00e9cologique et de l&rsquo;anthropoc\u00e8ne &#8211; affirme le pr\u00e9sident de l&rsquo;\u00e9quipe, le professeur Mariusz Lamentowicz, cit\u00e9 dans le service de l&rsquo;universit\u00e9.<\/span><\/p>\n<p class=\"Standard\"><span lang=\"EN-US\" style=\"font-family: 'Times New Roman',serif;\">Pour en savoir plus : <a href=\"https:\/\/amu.edu.pl\/wiadomosci\/aktualnosci\/kandydaci\/dla-mediow\/komunikaty-prasowe\/tylko-wspolnie-mozemy-pomoc-ziemi-naukowcy-z-uam-lacza-sily-na-rzecz-klimat\">https:\/\/amu.edu.pl\/wiadomosci\/aktualnosci\/kandydaci\/dla-mediow\/komunikaty-prasowe\/tylko-wspolnie-mozemy-pomoc-ziemi-naukowcy-z-uam-lacza-sily-na-rzecz-klimat<\/a><\/span><\/p>\n","protected":false},"excerpt":{"rendered":"<p>L&rsquo;Universit\u00e9 Adam Mickiewicz \u00e0 Pozna\u0144 (UAM) a mis en place un groupe de travail sur le changement climatique et la crise environnementale. Les chercheurs pr\u00e9pareront des diagnostics, des recommandations, coop\u00e9reront avec l&rsquo;environnement pour la protection du climat. Les chercheurs veulent d\u00e9velopper des m\u00e9thodes efficaces pour informer la soci\u00e9t\u00e9 sur le changement climatique et la crise [&hellip;]<\/p>\n","protected":false},"author":11,"featured_media":0,"comment_status":"closed","ping_status":"closed","sticky":false,"template":"","format":"standard","meta":[],"categories":[35],"tags":[],"_links":{"self":[{"href":"https:\/\/www.polishscience.pl\/fr\/wp-json\/wp\/v2\/posts\/139716"}],"collection":[{"href":"https:\/\/www.polishscience.pl\/fr\/wp-json\/wp\/v2\/posts"}],"about":[{"href":"https:\/\/www.polishscience.pl\/fr\/wp-json\/wp\/v2\/types\/post"}],"author":[{"embeddable":true,"href":"https:\/\/www.polishscience.pl\/fr\/wp-json\/wp\/v2\/users\/11"}],"replies":[{"embeddable":true,"href":"https:\/\/www.polishscience.pl\/fr\/wp-json\/wp\/v2\/comments?post=139716"}],"version-history":[{"count":0,"href":"https:\/\/www.polishscience.pl\/fr\/wp-json\/wp\/v2\/posts\/139716\/revisions"}],"wp:attachment":[{"href":"https:\/\/www.polishscience.pl\/fr\/wp-json\/wp\/v2\/media?parent=139716"}],"wp:term":[{"taxonomy":"category","embeddable":true,"href":"https:\/\/www.polishscience.pl\/fr\/wp-json\/wp\/v2\/categories?post=139716"},{"taxonomy":"post_tag","embeddable":true,"href":"https:\/\/www.polishscience.pl\/fr\/wp-json\/wp\/v2\/tags?post=139716"}],"curies":[{"name":"wp","href":"https:\/\/api.w.org\/{rel}","templated":true}]}}