{"id":139707,"date":"2020-08-06T18:00:53","date_gmt":"2020-08-06T16:00:53","guid":{"rendered":"https:\/\/polishscience.pl\/?p=139707"},"modified":"2020-08-06T18:00:53","modified_gmt":"2020-08-06T16:00:53","slug":"la-polytechnique-de-koszalin-invite-a-la-conference-le-crime-de-katyn-dans-la-perception-de-la-communaute-polonaise-et-de-lopinion-internationale","status":"publish","type":"post","link":"https:\/\/www.polishscience.pl\/fr\/la-polytechnique-de-koszalin-invite-a-la-conference-le-crime-de-katyn-dans-la-perception-de-la-communaute-polonaise-et-de-lopinion-internationale\/","title":{"rendered":"La Polytechnique de Koszalin invite \u00e0 la conf\u00e9rence \u00ab\u00a0Le crime de Katyn dans la perception de la communaut\u00e9 polonaise et de l&rsquo;opinion internationale\u00a0\u00bb"},"content":{"rendered":"<p><strong>Le D\u00e9partement des Sciences Humaines de la Polytechnique de Koszalin invite \u00e0 la conf\u00e9rence \u00ab\u00a0Le crime de Katyn dans la perception de la communaut\u00e9 polonaise et de l&rsquo;opinion internationale\u00a0\u00bb qui se tiendra du 12 au 13 novembre 2020. Les propositions de discours peuvent \u00eatre envoy\u00e9es jusqu&rsquo;au 10 septembre &#8211; informe l&rsquo;universit\u00e9.<\/strong><\/p>\n<p>Les organisateurs proposent les blocs th\u00e9matiques suivants : Le massacre de Katyn dans les publications en exil &#8211; la presse et les activit\u00e9s scientifiques ; les initiatives politiques de l&rsquo;exil polonais pour expliquer et punir les auteurs du crime ; Le massacre de Katyn dans la m\u00e9moire collective des polonais en Pologne et en exil \u00a0et l&rsquo;opinion internationale sur le massacre de Katyn et ses auteurs.<\/p>\n<p>La Facult\u00e9 des Sciences Humaines de la Polytechnique de Koszalin est l&rsquo;un des principaux centres de recherche du pays qui \u00e9tudie les diff\u00e9rents aspects du crime. C&rsquo;est \u00e0 l&rsquo;initiative de ses employ\u00e9s qu&rsquo;une conf\u00e9rence scientifique \u00ab\u00a0Les crimes du NKVD dans les provinces orientales de la Pologne 1939-1956\u00a0\u00bb a \u00e9t\u00e9 organis\u00e9e en 1995. Depuis 2010, des \u00e9tudes de sources de la s\u00e9rie \u00ab\u00a0Le massacre de Katyn dans l&rsquo;opinion de l&rsquo;exil polonais en Grande-Bretagne 1949-1990\u00a0\u00bb ont \u00e9t\u00e9 publi\u00e9es.<\/p>\n","protected":false},"excerpt":{"rendered":"<p>Le D\u00e9partement des Sciences Humaines de la Polytechnique de Koszalin invite \u00e0 la conf\u00e9rence \u00ab\u00a0Le crime de Katyn dans la perception de la communaut\u00e9 polonaise et de l&rsquo;opinion internationale\u00a0\u00bb qui se tiendra du 12 au 13 novembre 2020. Les propositions de discours peuvent \u00eatre envoy\u00e9es jusqu&rsquo;au 10 septembre &#8211; informe l&rsquo;universit\u00e9. Les organisateurs proposent les [&hellip;]<\/p>\n","protected":false},"author":11,"featured_media":0,"comment_status":"closed","ping_status":"closed","sticky":false,"template":"","format":"standard","meta":[],"categories":[41,37],"tags":[],"_links":{"self":[{"href":"https:\/\/www.polishscience.pl\/fr\/wp-json\/wp\/v2\/posts\/139707"}],"collection":[{"href":"https:\/\/www.polishscience.pl\/fr\/wp-json\/wp\/v2\/posts"}],"about":[{"href":"https:\/\/www.polishscience.pl\/fr\/wp-json\/wp\/v2\/types\/post"}],"author":[{"embeddable":true,"href":"https:\/\/www.polishscience.pl\/fr\/wp-json\/wp\/v2\/users\/11"}],"replies":[{"embeddable":true,"href":"https:\/\/www.polishscience.pl\/fr\/wp-json\/wp\/v2\/comments?post=139707"}],"version-history":[{"count":0,"href":"https:\/\/www.polishscience.pl\/fr\/wp-json\/wp\/v2\/posts\/139707\/revisions"}],"wp:attachment":[{"href":"https:\/\/www.polishscience.pl\/fr\/wp-json\/wp\/v2\/media?parent=139707"}],"wp:term":[{"taxonomy":"category","embeddable":true,"href":"https:\/\/www.polishscience.pl\/fr\/wp-json\/wp\/v2\/categories?post=139707"},{"taxonomy":"post_tag","embeddable":true,"href":"https:\/\/www.polishscience.pl\/fr\/wp-json\/wp\/v2\/tags?post=139707"}],"curies":[{"name":"wp","href":"https:\/\/api.w.org\/{rel}","templated":true}]}}