{"id":139211,"date":"2020-08-03T13:12:48","date_gmt":"2020-08-03T11:12:48","guid":{"rendered":"https:\/\/polishscience.pl\/?p=139211"},"modified":"2020-08-03T13:12:48","modified_gmt":"2020-08-03T11:12:48","slug":"la-conference-scientifique-intitulee-les-defis-et-les-changements-sociaux-au-21e-siecle","status":"publish","type":"post","link":"https:\/\/www.polishscience.pl\/fr\/la-conference-scientifique-intitulee-les-defis-et-les-changements-sociaux-au-21e-siecle\/","title":{"rendered":"La conf\u00e9rence scientifique intitul\u00e9e \u00ab\u00a0Les d\u00e9fis et les changements sociaux au 21e si\u00e8cle\u00a0\u00bb"},"content":{"rendered":"<p><strong>La Fondation pour la promotion de la science et du d\u00e9veloppement TYGIEL invite \u00e0 participer \u00e0 la IIe Conf\u00e9rence Nationale\u00a0 Scientifique \u00a0\u00ab\u00a0Les d\u00e9fis et les changements sociaux au XXIe si\u00e8cle\u00a0\u00bb, qui se tiendra en ligne le 6 ao\u00fbt 2020.<\/strong><\/p>\n<p>Les \u00e9v\u00e9nements li\u00e9s \u00e0 la menace pour la s\u00e9curit\u00e9 sanitaire et \u00e9pid\u00e9miologique, l&rsquo;introduction violente de divers ordres et interdictions ont entra\u00een\u00e9 une augmentation du nombre de sujets et de probl\u00e8mes auxquels sont confront\u00e9s les chercheurs dans le domaine des sciences sociales et connexes &#8211; peut-on lire dans l&rsquo;annonce de la Fondation TYGIEL.<\/p>\n<p>Les organisateurs invitent des repr\u00e9sentants des sciences sociales et humaines \u00e0 participer \u00e0 l&rsquo;\u00e9v\u00e9nement. Ils encouragent en particulier les domaines suivants : l\u2019innovation sociale, la politique familiale et sociale, les m\u00e9dias dans l&rsquo;espace social, les activit\u00e9s pro-environnementales, la r\u00e9habilitation et la pr\u00e9vention sociales, l\u2019activation sociale des personnes handicap\u00e9es.<\/p>\n<p>Pour en savoir plus : <a href=\"https:\/\/fundacja-tygiel.pl\/ii-ogolnopolska-konferencja-naukowa-wyzwania-i-zmiany-spoleczne-w-xxi-wieku-online\/\">https:\/\/fundacja-tygiel.pl\/ii-ogolnopolska-konferencja-naukowa-wyzwania-i-zmiany-spoleczne-w-xxi-wieku-online\/<\/a><\/p>\n","protected":false},"excerpt":{"rendered":"<p>La Fondation pour la promotion de la science et du d\u00e9veloppement TYGIEL invite \u00e0 participer \u00e0 la IIe Conf\u00e9rence Nationale\u00a0 Scientifique \u00a0\u00ab\u00a0Les d\u00e9fis et les changements sociaux au XXIe si\u00e8cle\u00a0\u00bb, qui se tiendra en ligne le 6 ao\u00fbt 2020. Les \u00e9v\u00e9nements li\u00e9s \u00e0 la menace pour la s\u00e9curit\u00e9 sanitaire et \u00e9pid\u00e9miologique, l&rsquo;introduction violente de divers [&hellip;]<\/p>\n","protected":false},"author":11,"featured_media":0,"comment_status":"closed","ping_status":"closed","sticky":false,"template":"","format":"standard","meta":[],"categories":[41],"tags":[],"_links":{"self":[{"href":"https:\/\/www.polishscience.pl\/fr\/wp-json\/wp\/v2\/posts\/139211"}],"collection":[{"href":"https:\/\/www.polishscience.pl\/fr\/wp-json\/wp\/v2\/posts"}],"about":[{"href":"https:\/\/www.polishscience.pl\/fr\/wp-json\/wp\/v2\/types\/post"}],"author":[{"embeddable":true,"href":"https:\/\/www.polishscience.pl\/fr\/wp-json\/wp\/v2\/users\/11"}],"replies":[{"embeddable":true,"href":"https:\/\/www.polishscience.pl\/fr\/wp-json\/wp\/v2\/comments?post=139211"}],"version-history":[{"count":0,"href":"https:\/\/www.polishscience.pl\/fr\/wp-json\/wp\/v2\/posts\/139211\/revisions"}],"wp:attachment":[{"href":"https:\/\/www.polishscience.pl\/fr\/wp-json\/wp\/v2\/media?parent=139211"}],"wp:term":[{"taxonomy":"category","embeddable":true,"href":"https:\/\/www.polishscience.pl\/fr\/wp-json\/wp\/v2\/categories?post=139211"},{"taxonomy":"post_tag","embeddable":true,"href":"https:\/\/www.polishscience.pl\/fr\/wp-json\/wp\/v2\/tags?post=139211"}],"curies":[{"name":"wp","href":"https:\/\/api.w.org\/{rel}","templated":true}]}}