{"id":138387,"date":"2020-07-28T16:02:06","date_gmt":"2020-07-28T14:02:06","guid":{"rendered":"https:\/\/polishscience.pl\/?p=138387"},"modified":"2020-07-28T16:02:06","modified_gmt":"2020-07-28T14:02:06","slug":"le-programme-de-stage-le-climat-pour-lavenir","status":"publish","type":"post","link":"https:\/\/www.polishscience.pl\/fr\/le-programme-de-stage-le-climat-pour-lavenir\/","title":{"rendered":"Le programme de stage \u00ab\u00a0Le climat pour l&rsquo;avenir\u201d"},"content":{"rendered":"<p><strong>Le minist\u00e8re du Climat, en coop\u00e9ration avec l&rsquo;Institut de Protection de l&rsquo;Environnement &#8211; Institut National de Recherche, le Fonds National pour la Protection de l&rsquo;Environnement et la Gestion de l&rsquo;Eau et l\u2019\u00c9cole Nationale d&rsquo;Administration Publique du nom du pr\u00e9sident de la R\u00e9publique de Pologne Lech Kaczynski, organise la premi\u00e8re \u00e9dition du programme de stage \u00ab\u00a0Le climat pour l&rsquo;avenir\u00a0\u00bb.<\/strong><\/p>\n<p>L&rsquo;objectif principal du programme est de pr\u00e9parer les \u00e9tudiants et les dipl\u00f4m\u00e9s des meilleures universit\u00e9s techniques et agricoles polonaises \u00e0 travailler dans le secteur public dans le domaine du climat en fournissant aux stagiaires des connaissances de base sur le fonctionnement de l&rsquo;administration publique et l&rsquo;implication pratique des stagiaires dans les projets mis en \u0153uvre au sein du minist\u00e8re du Climat et des institutions subordonn\u00e9es au ministre du climat.<\/p>\n<p>Le programme de stage \u00ab\u00a0Le climat pour l&rsquo;avenir\u00a0\u00bb est destin\u00e9 aux \u00e9tudiants des deux derniers semestres des \u00e9tudes de deuxi\u00e8me cycle et aux dipl\u00f4m\u00e9s des universit\u00e9s techniques et agricoles int\u00e9ress\u00e9s par les questions de changement climatique. Le stage dure 12 mois et est financ\u00e9 par le Fonds National pour la Protection de l&rsquo;Environnement et la Gestion de l&rsquo;Eau.<\/p>\n","protected":false},"excerpt":{"rendered":"<p>Le minist\u00e8re du Climat, en coop\u00e9ration avec l&rsquo;Institut de Protection de l&rsquo;Environnement &#8211; Institut National de Recherche, le Fonds National pour la Protection de l&rsquo;Environnement et la Gestion de l&rsquo;Eau et l\u2019\u00c9cole Nationale d&rsquo;Administration Publique du nom du pr\u00e9sident de la R\u00e9publique de Pologne Lech Kaczynski, organise la premi\u00e8re \u00e9dition du programme de stage \u00ab\u00a0Le [&hellip;]<\/p>\n","protected":false},"author":11,"featured_media":0,"comment_status":"closed","ping_status":"closed","sticky":false,"template":"","format":"standard","meta":[],"categories":[35],"tags":[],"_links":{"self":[{"href":"https:\/\/www.polishscience.pl\/fr\/wp-json\/wp\/v2\/posts\/138387"}],"collection":[{"href":"https:\/\/www.polishscience.pl\/fr\/wp-json\/wp\/v2\/posts"}],"about":[{"href":"https:\/\/www.polishscience.pl\/fr\/wp-json\/wp\/v2\/types\/post"}],"author":[{"embeddable":true,"href":"https:\/\/www.polishscience.pl\/fr\/wp-json\/wp\/v2\/users\/11"}],"replies":[{"embeddable":true,"href":"https:\/\/www.polishscience.pl\/fr\/wp-json\/wp\/v2\/comments?post=138387"}],"version-history":[{"count":0,"href":"https:\/\/www.polishscience.pl\/fr\/wp-json\/wp\/v2\/posts\/138387\/revisions"}],"wp:attachment":[{"href":"https:\/\/www.polishscience.pl\/fr\/wp-json\/wp\/v2\/media?parent=138387"}],"wp:term":[{"taxonomy":"category","embeddable":true,"href":"https:\/\/www.polishscience.pl\/fr\/wp-json\/wp\/v2\/categories?post=138387"},{"taxonomy":"post_tag","embeddable":true,"href":"https:\/\/www.polishscience.pl\/fr\/wp-json\/wp\/v2\/tags?post=138387"}],"curies":[{"name":"wp","href":"https:\/\/api.w.org\/{rel}","templated":true}]}}