{"id":137927,"date":"2020-07-23T17:13:53","date_gmt":"2020-07-23T15:13:53","guid":{"rendered":"https:\/\/polishscience.pl\/?p=137927"},"modified":"2020-07-23T17:13:53","modified_gmt":"2020-07-23T15:13:53","slug":"les-scientifiques-ont-etudie-les-differences-de-sensibilite-aux-troubles-olfactifs-et-gustatifs-dans-le-covid-19","status":"publish","type":"post","link":"https:\/\/www.polishscience.pl\/fr\/les-scientifiques-ont-etudie-les-differences-de-sensibilite-aux-troubles-olfactifs-et-gustatifs-dans-le-covid-19\/","title":{"rendered":"Les scientifiques ont \u00e9tudi\u00e9 les diff\u00e9rences de sensibilit\u00e9 aux troubles olfactifs et gustatifs dans le COVID-19"},"content":{"rendered":"<p><strong>Le docteur d\u2019\u00c9tat Rafa\u0142 Butowt, professeur \u00e0 l&rsquo;Universit\u00e9 Nicolas Copernic, Christopher S von Bartheld et Molly M Hagen de l&rsquo;Universit\u00e9 du Nevada ont examin\u00e9 les diff\u00e9rences de sensibilit\u00e9 aux troubles olfactifs et gustatifs dans le COVID-19 entre les patients d&rsquo;Asie et ceux d&rsquo;Europe et d&rsquo;Am\u00e9rique.<\/strong><\/p>\n<p>Les chercheurs ont effectu\u00e9 une m\u00e9ta-analyse des troubles chimiosensoriels (olfactifs et gustatifs).\u00a0 En analysant les r\u00e9sultats de plusieurs dizaines d&rsquo;\u00e9tudes men\u00e9es par diff\u00e9rents laboratoires et les donn\u00e9es concernant les patients atteints de COVID-19 dans diff\u00e9rentes r\u00e9gions du monde, ils ont conclu que la probabilit\u00e9 de troubles olfactifs et gustatifs est de trois \u00e0 six fois plus \u00e9lev\u00e9e dans la race caucasienne que dans la population d&rsquo;Asie de l&rsquo;Est.<\/p>\n<p>Ce r\u00e9sultat montre que les facteurs g\u00e9n\u00e9tiques ont un impact significatif sur l&rsquo;incidence du COVID-19. Les chercheurs soup\u00e7onnent \u00e9galement qu&rsquo;une plus grande sensibilit\u00e9 aux troubles olfactifs et gustatifs du COVID-19 est associ\u00e9e \u00e0 une plus grande incidence de patients sans sympt\u00f4mes respiratoires et sans fi\u00e8vre &#8211; ce qui est en corr\u00e9lation positive avec une plus grande transmission du virus entre les personnes &#8211; lit-on sur le site web de l&rsquo;universit\u00e9.<\/p>\n<p>Pour en savoir plus : <a href=\"https:\/\/www.umk.pl\/wiadomosci\/?id=26836\">https:\/\/www.umk.pl\/wiadomosci\/?id=26836<\/a><\/p>\n","protected":false},"excerpt":{"rendered":"<p>Le docteur d\u2019\u00c9tat Rafa\u0142 Butowt, professeur \u00e0 l&rsquo;Universit\u00e9 Nicolas Copernic, Christopher S von Bartheld et Molly M Hagen de l&rsquo;Universit\u00e9 du Nevada ont examin\u00e9 les diff\u00e9rences de sensibilit\u00e9 aux troubles olfactifs et gustatifs dans le COVID-19 entre les patients d&rsquo;Asie et ceux d&rsquo;Europe et d&rsquo;Am\u00e9rique. Les chercheurs ont effectu\u00e9 une m\u00e9ta-analyse des troubles chimiosensoriels (olfactifs [&hellip;]<\/p>\n","protected":false},"author":11,"featured_media":0,"comment_status":"closed","ping_status":"closed","sticky":false,"template":"","format":"standard","meta":[],"categories":[39],"tags":[],"_links":{"self":[{"href":"https:\/\/www.polishscience.pl\/fr\/wp-json\/wp\/v2\/posts\/137927"}],"collection":[{"href":"https:\/\/www.polishscience.pl\/fr\/wp-json\/wp\/v2\/posts"}],"about":[{"href":"https:\/\/www.polishscience.pl\/fr\/wp-json\/wp\/v2\/types\/post"}],"author":[{"embeddable":true,"href":"https:\/\/www.polishscience.pl\/fr\/wp-json\/wp\/v2\/users\/11"}],"replies":[{"embeddable":true,"href":"https:\/\/www.polishscience.pl\/fr\/wp-json\/wp\/v2\/comments?post=137927"}],"version-history":[{"count":0,"href":"https:\/\/www.polishscience.pl\/fr\/wp-json\/wp\/v2\/posts\/137927\/revisions"}],"wp:attachment":[{"href":"https:\/\/www.polishscience.pl\/fr\/wp-json\/wp\/v2\/media?parent=137927"}],"wp:term":[{"taxonomy":"category","embeddable":true,"href":"https:\/\/www.polishscience.pl\/fr\/wp-json\/wp\/v2\/categories?post=137927"},{"taxonomy":"post_tag","embeddable":true,"href":"https:\/\/www.polishscience.pl\/fr\/wp-json\/wp\/v2\/tags?post=137927"}],"curies":[{"name":"wp","href":"https:\/\/api.w.org\/{rel}","templated":true}]}}