{"id":137923,"date":"2020-07-23T15:48:42","date_gmt":"2020-07-23T13:48:42","guid":{"rendered":"https:\/\/polishscience.pl\/?p=137923"},"modified":"2020-07-23T15:48:42","modified_gmt":"2020-07-23T13:48:42","slug":"louverture-de-la-faculte-de-droit-a-partir-de-la-nouvelle-annee-universitaire-a-siedlce","status":"publish","type":"post","link":"https:\/\/www.polishscience.pl\/fr\/louverture-de-la-faculte-de-droit-a-partir-de-la-nouvelle-annee-universitaire-a-siedlce\/","title":{"rendered":"L&rsquo;ouverture de la Facult\u00e9 de Droit  \u00e0 partir de la nouvelle ann\u00e9e universitaire \u00e0 Siedlce"},"content":{"rendered":"<p><strong>L&rsquo;Universit\u00e9 des Sciences Naturelles et Humaines (UPH) de Siedlce a inform\u00e9 qu&rsquo;\u00e0 partir de la nouvelle ann\u00e9e acad\u00e9mique 2020\/2021, une nouvelle Facult\u00e9 de Droit sera ouverte.<\/strong><\/p>\n<p>La nouvelle facult\u00e9 a \u00e9t\u00e9 cr\u00e9\u00e9e \u00e0 la Facult\u00e9 des Sciences Sociales de l&rsquo;Institut des Sciences Politiques et de l&rsquo;Administration. Il s&rsquo;agira d&rsquo;un cours de ma\u00eetrise de cinq ans.<\/p>\n<p>Comme le souligne l&rsquo;UPH, les pr\u00e9paratifs ont pris de nombreux mois. Le personnel acad\u00e9mique a \u00e9t\u00e9 compl\u00e9t\u00e9 et des accords ont \u00e9t\u00e9 conclus avec des partenaires ext\u00e9rieurs. Dans les \u00e9tablissements li\u00e9s \u00e0 l&rsquo;application du droit, les \u00e9tudiants doivent passer un total de 960 heures, soit six mois.<\/p>\n<p>Nous avons d\u00e9j\u00e0 des accords avec le tribunal de district et le bureau du procureur de Siedlce, ainsi qu&rsquo;avec des bureaux d&rsquo;avocats, de conseils et de notaires. Nous nous soucions du plus haut niveau possible de ces \u00e9tudes &#8211; a d\u00e9clar\u00e9 le recteur de l&rsquo;UPH, le docteur d\u2019\u00c9tat Tamara Zacharuk, Professeur \u00e0 l\u2018UPH.<\/p>\n<p>Les dipl\u00f4m\u00e9s de l&rsquo;enseignement secondaire peuvent d\u00e9j\u00e0 s&rsquo;inscrire \u00e0 ce cours par le biais du programme de recrutement de candidats par Internet de l&rsquo;universit\u00e9.<\/p>\n","protected":false},"excerpt":{"rendered":"<p>L&rsquo;Universit\u00e9 des Sciences Naturelles et Humaines (UPH) de Siedlce a inform\u00e9 qu&rsquo;\u00e0 partir de la nouvelle ann\u00e9e acad\u00e9mique 2020\/2021, une nouvelle Facult\u00e9 de Droit sera ouverte. La nouvelle facult\u00e9 a \u00e9t\u00e9 cr\u00e9\u00e9e \u00e0 la Facult\u00e9 des Sciences Sociales de l&rsquo;Institut des Sciences Politiques et de l&rsquo;Administration. Il s&rsquo;agira d&rsquo;un cours de ma\u00eetrise de cinq ans. [&hellip;]<\/p>\n","protected":false},"author":11,"featured_media":0,"comment_status":"closed","ping_status":"closed","sticky":false,"template":"","format":"standard","meta":[],"categories":[35],"tags":[],"_links":{"self":[{"href":"https:\/\/www.polishscience.pl\/fr\/wp-json\/wp\/v2\/posts\/137923"}],"collection":[{"href":"https:\/\/www.polishscience.pl\/fr\/wp-json\/wp\/v2\/posts"}],"about":[{"href":"https:\/\/www.polishscience.pl\/fr\/wp-json\/wp\/v2\/types\/post"}],"author":[{"embeddable":true,"href":"https:\/\/www.polishscience.pl\/fr\/wp-json\/wp\/v2\/users\/11"}],"replies":[{"embeddable":true,"href":"https:\/\/www.polishscience.pl\/fr\/wp-json\/wp\/v2\/comments?post=137923"}],"version-history":[{"count":0,"href":"https:\/\/www.polishscience.pl\/fr\/wp-json\/wp\/v2\/posts\/137923\/revisions"}],"wp:attachment":[{"href":"https:\/\/www.polishscience.pl\/fr\/wp-json\/wp\/v2\/media?parent=137923"}],"wp:term":[{"taxonomy":"category","embeddable":true,"href":"https:\/\/www.polishscience.pl\/fr\/wp-json\/wp\/v2\/categories?post=137923"},{"taxonomy":"post_tag","embeddable":true,"href":"https:\/\/www.polishscience.pl\/fr\/wp-json\/wp\/v2\/tags?post=137923"}],"curies":[{"name":"wp","href":"https:\/\/api.w.org\/{rel}","templated":true}]}}