{"id":137716,"date":"2020-07-22T15:24:19","date_gmt":"2020-07-22T13:24:19","guid":{"rendered":"https:\/\/polishscience.pl\/?p=137716"},"modified":"2020-07-22T15:24:19","modified_gmt":"2020-07-22T13:24:19","slug":"le-seminaire-sur-les-plans-de-retablissement-de-lautogestion-economique-generale-en-pologne","status":"publish","type":"post","link":"https:\/\/www.polishscience.pl\/fr\/le-seminaire-sur-les-plans-de-retablissement-de-lautogestion-economique-generale-en-pologne\/","title":{"rendered":"Le s\u00e9minaire sur les plans de r\u00e9tablissement de l&rsquo;Autogestion \u00c9conomique G\u00e9n\u00e9rale en Pologne"},"content":{"rendered":"<p><strong>L&rsquo;Acad\u00e9mie des Finances et des Affaires Vistula \u00e0 Varsovie et la F\u00e9d\u00e9ration de l&rsquo;Autogestion \u00c9conomique G\u00e9n\u00e9rale des PME organisent un s\u00e9minaire intitul\u00e9 \u00ab\u00a0L&rsquo;id\u00e9e et les pr\u00e9misses de l&rsquo;\u00e9tablissement de l&rsquo;Autogestion \u00c9conomique G\u00e9n\u00e9rale en Pologne\u00a0\u00bb.<\/strong><\/p>\n<p>L&rsquo;\u00e9v\u00e9nement aura lieu \u00e0 l&rsquo;Acad\u00e9mie des Finances et des Affaires Vistula \u00e0 Varsovie (au 3, rue Stok\u0142osy), le jeudi 30 juillet 2020.<\/p>\n<p>Selon les organisateurs, l&rsquo;objectif du s\u00e9minaire est d&rsquo;\u00e9laborer et de s&rsquo;accorder sur la position des entrepreneurs polonais en vue du r\u00e9tablissement de l&rsquo;Autogestion \u00c9conomique G\u00e9n\u00e9rale en Pologne en tant qu&rsquo;institution de droit public et de d\u00e9finir le mod\u00e8le pr\u00e9f\u00e9r\u00e9 de cette autonomie.<\/p>\n<p>En outre, les participants \u00e0 l&rsquo;\u00e9v\u00e9nement discuteront des moyens de distribuer et de contr\u00f4ler la distribution des fonds de l&rsquo;Union Europ\u00e9enne, destin\u00e9s aux entrepreneurs polonais, dans le cadre du sauvetage de l&rsquo;\u00e9conomie europ\u00e9enne des effets n\u00e9gatifs de la pand\u00e9mie de coronavirus.<\/p>\n","protected":false},"excerpt":{"rendered":"<p>L&rsquo;Acad\u00e9mie des Finances et des Affaires Vistula \u00e0 Varsovie et la F\u00e9d\u00e9ration de l&rsquo;Autogestion \u00c9conomique G\u00e9n\u00e9rale des PME organisent un s\u00e9minaire intitul\u00e9 \u00ab\u00a0L&rsquo;id\u00e9e et les pr\u00e9misses de l&rsquo;\u00e9tablissement de l&rsquo;Autogestion \u00c9conomique G\u00e9n\u00e9rale en Pologne\u00a0\u00bb. L&rsquo;\u00e9v\u00e9nement aura lieu \u00e0 l&rsquo;Acad\u00e9mie des Finances et des Affaires Vistula \u00e0 Varsovie (au 3, rue Stok\u0142osy), le jeudi 30 juillet [&hellip;]<\/p>\n","protected":false},"author":11,"featured_media":0,"comment_status":"closed","ping_status":"closed","sticky":false,"template":"","format":"standard","meta":[],"categories":[40,41],"tags":[],"_links":{"self":[{"href":"https:\/\/www.polishscience.pl\/fr\/wp-json\/wp\/v2\/posts\/137716"}],"collection":[{"href":"https:\/\/www.polishscience.pl\/fr\/wp-json\/wp\/v2\/posts"}],"about":[{"href":"https:\/\/www.polishscience.pl\/fr\/wp-json\/wp\/v2\/types\/post"}],"author":[{"embeddable":true,"href":"https:\/\/www.polishscience.pl\/fr\/wp-json\/wp\/v2\/users\/11"}],"replies":[{"embeddable":true,"href":"https:\/\/www.polishscience.pl\/fr\/wp-json\/wp\/v2\/comments?post=137716"}],"version-history":[{"count":0,"href":"https:\/\/www.polishscience.pl\/fr\/wp-json\/wp\/v2\/posts\/137716\/revisions"}],"wp:attachment":[{"href":"https:\/\/www.polishscience.pl\/fr\/wp-json\/wp\/v2\/media?parent=137716"}],"wp:term":[{"taxonomy":"category","embeddable":true,"href":"https:\/\/www.polishscience.pl\/fr\/wp-json\/wp\/v2\/categories?post=137716"},{"taxonomy":"post_tag","embeddable":true,"href":"https:\/\/www.polishscience.pl\/fr\/wp-json\/wp\/v2\/tags?post=137716"}],"curies":[{"name":"wp","href":"https:\/\/api.w.org\/{rel}","templated":true}]}}