{"id":137367,"date":"2020-07-20T13:04:33","date_gmt":"2020-07-20T11:04:33","guid":{"rendered":"https:\/\/polishscience.pl\/?p=137367"},"modified":"2020-07-20T13:04:33","modified_gmt":"2020-07-20T11:04:33","slug":"une-femme-pour-la-premiere-fois-est-recteur-de-luniversite-de-lodz","status":"publish","type":"post","link":"https:\/\/www.polishscience.pl\/fr\/une-femme-pour-la-premiere-fois-est-recteur-de-luniversite-de-lodz\/","title":{"rendered":"Une femme pour la premi\u00e8re fois est recteur de l&rsquo;Universit\u00e9 de \u0141\u00f3d\u017a"},"content":{"rendered":"<p><strong>Le professeur El\u017cbieta \u017b\u0105dzi\u0144ska a \u00e9t\u00e9 \u00e9lue nouveau recteur de l&rsquo;Universit\u00e9 de \u0141\u00f3d\u017a (U\u0141) pour le mandat 2020-2024. Elle est la premi\u00e8re femme \u00e0 diriger l\u2019Universit\u00e9 de \u0141\u00f3d\u017a.<\/strong><\/p>\n<p>Le professeur El\u017cbieta \u017b\u0105dzi\u0144ska est dipl\u00f4m\u00e9e de la Facult\u00e9 de Biologie et des Sciences de la Terre de l&rsquo;Universit\u00e9 de \u0141\u00f3d\u017a. Elle a termin\u00e9 ses \u00e9tudes de biologie en 1990. En 1999, elle a obtenu un doctorat en sciences biologiques, et en 2005 &#8211; un doctorat d\u2019\u00c9tat en sciences biologiques. En 2014, elle a re\u00e7u une nomination professorale.<\/p>\n<p>Au cours de ses 25 ann\u00e9es de travail \u00e0 l&rsquo;Universit\u00e9 de \u0141\u00f3d\u017a, elle a franchi toutes les \u00e9tapes de sa carri\u00e8re scientifique : d&#8217;employ\u00e9e scientifique-technique \u00e0 professeur. De 2005 \u00e0 2008, elle a \u00e9t\u00e9 vice-doyenne de la Facult\u00e9 de Biologie et de Protection de l&rsquo;Environnement et, pendant les huit ann\u00e9es suivantes, elle a occup\u00e9 le poste de doyenne. En 2016, elle devient vice-recteur des sciences.<\/p>\n<p>Depuis 2014, elle est chercheuse invit\u00e9e honoraire \u00e0 l&rsquo;Universit\u00e9 d&rsquo;Ad\u00e9la\u00efde.<\/p>\n","protected":false},"excerpt":{"rendered":"<p>Le professeur El\u017cbieta \u017b\u0105dzi\u0144ska a \u00e9t\u00e9 \u00e9lue nouveau recteur de l&rsquo;Universit\u00e9 de \u0141\u00f3d\u017a (U\u0141) pour le mandat 2020-2024. Elle est la premi\u00e8re femme \u00e0 diriger l\u2019Universit\u00e9 de \u0141\u00f3d\u017a. Le professeur El\u017cbieta \u017b\u0105dzi\u0144ska est dipl\u00f4m\u00e9e de la Facult\u00e9 de Biologie et des Sciences de la Terre de l&rsquo;Universit\u00e9 de \u0141\u00f3d\u017a. Elle a termin\u00e9 ses \u00e9tudes de [&hellip;]<\/p>\n","protected":false},"author":11,"featured_media":0,"comment_status":"closed","ping_status":"closed","sticky":false,"template":"","format":"standard","meta":[],"categories":[35],"tags":[],"_links":{"self":[{"href":"https:\/\/www.polishscience.pl\/fr\/wp-json\/wp\/v2\/posts\/137367"}],"collection":[{"href":"https:\/\/www.polishscience.pl\/fr\/wp-json\/wp\/v2\/posts"}],"about":[{"href":"https:\/\/www.polishscience.pl\/fr\/wp-json\/wp\/v2\/types\/post"}],"author":[{"embeddable":true,"href":"https:\/\/www.polishscience.pl\/fr\/wp-json\/wp\/v2\/users\/11"}],"replies":[{"embeddable":true,"href":"https:\/\/www.polishscience.pl\/fr\/wp-json\/wp\/v2\/comments?post=137367"}],"version-history":[{"count":0,"href":"https:\/\/www.polishscience.pl\/fr\/wp-json\/wp\/v2\/posts\/137367\/revisions"}],"wp:attachment":[{"href":"https:\/\/www.polishscience.pl\/fr\/wp-json\/wp\/v2\/media?parent=137367"}],"wp:term":[{"taxonomy":"category","embeddable":true,"href":"https:\/\/www.polishscience.pl\/fr\/wp-json\/wp\/v2\/categories?post=137367"},{"taxonomy":"post_tag","embeddable":true,"href":"https:\/\/www.polishscience.pl\/fr\/wp-json\/wp\/v2\/tags?post=137367"}],"curies":[{"name":"wp","href":"https:\/\/api.w.org\/{rel}","templated":true}]}}