{"id":137015,"date":"2020-07-16T18:10:17","date_gmt":"2020-07-16T16:10:17","guid":{"rendered":"https:\/\/polishscience.pl\/?p=137015"},"modified":"2020-07-21T19:20:20","modified_gmt":"2020-07-21T17:20:20","slug":"les-premiers-effets-de-la-therapie-plasmatique-chez-les-patients-atteints-de-covid-19","status":"publish","type":"post","link":"https:\/\/www.polishscience.pl\/fr\/les-premiers-effets-de-la-therapie-plasmatique-chez-les-patients-atteints-de-covid-19\/","title":{"rendered":"Les premiers effets de la th\u00e9rapie plasmatique chez les patients atteints de COVID-19"},"content":{"rendered":"<p><strong>La premi\u00e8re grande \u00e9tude clinique au monde visant \u00e0 documenter l&rsquo;efficacit\u00e9 de l&rsquo;utilisation du plasma dans le traitement des patients atteints de COVID-19 dans la population europ\u00e9enne a d\u00e9but\u00e9 fin avril \u00e0 Wroc\u0142aw. Les observations pr\u00e9liminaires sont prometteuses, informe l\u2019Universit\u00e9 de M\u00e9decine de Wroc\u0142aw.<\/strong><\/p>\n<p>Le plasma a \u00e9t\u00e9 administr\u00e9 aux premiers patients trait\u00e9s \u00e0 Wroc\u0142aw et Boles\u0142awiec au d\u00e9but du mois de mai. Chez 65% des patients, apr\u00e8s quelques jours &#8211; plusieurs jours \u00e0 partir de la premi\u00e8re administration &#8211; on a constat\u00e9 une nette am\u00e9lioration des param\u00e8tres respiratoires. Les patients n&rsquo;ont pas eu besoin d&rsquo;une nouvelle hospitalisation. Chez les autres patients, il n&rsquo;y a pas eu de r\u00e9ponse au traitement et la deuxi\u00e8me dose de plasma n&rsquo;a pas chang\u00e9.<\/p>\n<p>Le projet \u00ab\u00a0L&rsquo;utilisation du plasma des convalescents dans la th\u00e9rapie des patients de COVID-19 avec \u00e9valuation m\u00e9tabolique et en laboratoire des progr\u00e8s de la th\u00e9rapie plasmatique\u00a0\u00bb est r\u00e9alis\u00e9 en coop\u00e9ration avec l&rsquo;h\u00f4pital clinique universitaire, l&rsquo;h\u00f4pital r\u00e9gional sp\u00e9cialis\u00e9 et le Centre r\u00e9gional pour le don et la gestion du sang \u00e0 Wroc\u0142aw. L&rsquo;\u00e9tude est financ\u00e9e par l&rsquo;Agence de la Recherche M\u00e9dicale.<\/p>\n<p>Pour en savoir plus : <a href=\"https:\/\/www.umed.wroc.pl\/content\/pierwsze-efekty-terapii-osoczem-u-chorych-na-covid-19\">https:\/\/www.umed.wroc.pl\/content\/pierwsze-efekty-terapii-osoczem-u-chorych-na-covid-19<\/a><\/p>\n","protected":false},"excerpt":{"rendered":"<p>La premi\u00e8re grande \u00e9tude clinique au monde visant \u00e0 documenter l&rsquo;efficacit\u00e9 de l&rsquo;utilisation du plasma dans le traitement des patients atteints de COVID-19 dans la population europ\u00e9enne a d\u00e9but\u00e9 fin avril \u00e0 Wroc\u0142aw. Les observations pr\u00e9liminaires sont prometteuses, informe l\u2019Universit\u00e9 de M\u00e9decine de Wroc\u0142aw. Le plasma a \u00e9t\u00e9 administr\u00e9 aux premiers patients trait\u00e9s \u00e0 Wroc\u0142aw [&hellip;]<\/p>\n","protected":false},"author":11,"featured_media":0,"comment_status":"closed","ping_status":"closed","sticky":false,"template":"","format":"standard","meta":[],"categories":[39],"tags":[],"_links":{"self":[{"href":"https:\/\/www.polishscience.pl\/fr\/wp-json\/wp\/v2\/posts\/137015"}],"collection":[{"href":"https:\/\/www.polishscience.pl\/fr\/wp-json\/wp\/v2\/posts"}],"about":[{"href":"https:\/\/www.polishscience.pl\/fr\/wp-json\/wp\/v2\/types\/post"}],"author":[{"embeddable":true,"href":"https:\/\/www.polishscience.pl\/fr\/wp-json\/wp\/v2\/users\/11"}],"replies":[{"embeddable":true,"href":"https:\/\/www.polishscience.pl\/fr\/wp-json\/wp\/v2\/comments?post=137015"}],"version-history":[{"count":0,"href":"https:\/\/www.polishscience.pl\/fr\/wp-json\/wp\/v2\/posts\/137015\/revisions"}],"wp:attachment":[{"href":"https:\/\/www.polishscience.pl\/fr\/wp-json\/wp\/v2\/media?parent=137015"}],"wp:term":[{"taxonomy":"category","embeddable":true,"href":"https:\/\/www.polishscience.pl\/fr\/wp-json\/wp\/v2\/categories?post=137015"},{"taxonomy":"post_tag","embeddable":true,"href":"https:\/\/www.polishscience.pl\/fr\/wp-json\/wp\/v2\/tags?post=137015"}],"curies":[{"name":"wp","href":"https:\/\/api.w.org\/{rel}","templated":true}]}}