{"id":136823,"date":"2020-07-15T16:13:14","date_gmt":"2020-07-15T14:13:14","guid":{"rendered":"https:\/\/polishscience.pl\/?p=136823"},"modified":"2020-07-15T16:13:14","modified_gmt":"2020-07-15T14:13:14","slug":"un-scientifique-de-luniversite-de-medecine-de-silesie-est-laureat-du-concours-les-supertalents-en-medecine","status":"publish","type":"post","link":"https:\/\/www.polishscience.pl\/fr\/un-scientifique-de-luniversite-de-medecine-de-silesie-est-laureat-du-concours-les-supertalents-en-medecine\/","title":{"rendered":"Un scientifique de l&rsquo;Universit\u00e9 de M\u00e9decine de Sil\u00e9sie est laur\u00e9at du concours \u00ab\u00a0Les Supertalents en m\u00e9decine\u201d"},"content":{"rendered":"<p><strong>Le professeur \u0141ukasz Krzych, chef du D\u00e9partement et de la Clinique d&rsquo;Anesth\u00e9siologie et de Soins Intensifs de la Facult\u00e9 des Sciences M\u00e9dicales de l&rsquo;Universit\u00e9 de m\u00e9decine de Sil\u00e9sie, a remport\u00e9 la deuxi\u00e8me place du concours \u00ab\u00a0Les Supertalents en m\u00e9decine\u00a0\u00bb &#8211; informe l&rsquo;universit\u00e9.<\/strong><\/p>\n<p>L&rsquo;id\u00e9e principale du concours, qui est organis\u00e9 depuis 2012, est d&rsquo;honorer les leaders de la jeune g\u00e9n\u00e9ration de m\u00e9decins qui, gr\u00e2ce \u00e0 leurs connaissances, leurs comp\u00e9tences et leurs pr\u00e9dispositions, donneront le ton \u00e0 la m\u00e9decine et au syst\u00e8me de sant\u00e9 polonais dans les ann\u00e9es \u00e0 venir. Les laur\u00e9ats de l&rsquo;\u00e9dition de cette ann\u00e9e ont \u00e9t\u00e9 s\u00e9lectionn\u00e9s par une section compos\u00e9e de 10 sp\u00e9cialistes dans diff\u00e9rents domaines de la m\u00e9decine.<\/p>\n<p>Les candidats ont \u00e9t\u00e9 \u00e9valu\u00e9s dans trois cat\u00e9gories :les r\u00e9alisations scientifiques (par exemple, les subventions, les bourses, les publications, les prix) ; la participation \u00e0 des activit\u00e9s dans l&rsquo;espace public (par exemple, la charit\u00e9, le syndicat, les associations) et les perspectives de d\u00e9veloppement (les chances d&rsquo;influence dans la m\u00e9decine et les soins de sant\u00e9 polonais dans les ann\u00e9es \u00e0 venir).<\/p>\n<p>En savoir plus : <a href=\"https:\/\/sum.edu.pl\/uczelnia\/wiadomosci-z-zycia-uczelni\/11754-prof-dr-hab-n-med-lukasz-krzych-laureatem-2-miejsca-w-konkursie-supertalenty-w-medycynie-2020\">https:\/\/sum.edu.pl\/uczelnia\/wiadomosci-z-zycia-uczelni\/11754-prof-dr-hab-n-med-lukasz-krzych-laureatem-2-miejsca-w-konkursie-supertalenty-w-medycynie-2020<\/a><\/p>\n","protected":false},"excerpt":{"rendered":"<p>Le professeur \u0141ukasz Krzych, chef du D\u00e9partement et de la Clinique d&rsquo;Anesth\u00e9siologie et de Soins Intensifs de la Facult\u00e9 des Sciences M\u00e9dicales de l&rsquo;Universit\u00e9 de m\u00e9decine de Sil\u00e9sie, a remport\u00e9 la deuxi\u00e8me place du concours \u00ab\u00a0Les Supertalents en m\u00e9decine\u00a0\u00bb &#8211; informe l&rsquo;universit\u00e9. L&rsquo;id\u00e9e principale du concours, qui est organis\u00e9 depuis 2012, est d&rsquo;honorer les leaders [&hellip;]<\/p>\n","protected":false},"author":11,"featured_media":0,"comment_status":"closed","ping_status":"closed","sticky":false,"template":"","format":"standard","meta":[],"categories":[39],"tags":[],"_links":{"self":[{"href":"https:\/\/www.polishscience.pl\/fr\/wp-json\/wp\/v2\/posts\/136823"}],"collection":[{"href":"https:\/\/www.polishscience.pl\/fr\/wp-json\/wp\/v2\/posts"}],"about":[{"href":"https:\/\/www.polishscience.pl\/fr\/wp-json\/wp\/v2\/types\/post"}],"author":[{"embeddable":true,"href":"https:\/\/www.polishscience.pl\/fr\/wp-json\/wp\/v2\/users\/11"}],"replies":[{"embeddable":true,"href":"https:\/\/www.polishscience.pl\/fr\/wp-json\/wp\/v2\/comments?post=136823"}],"version-history":[{"count":0,"href":"https:\/\/www.polishscience.pl\/fr\/wp-json\/wp\/v2\/posts\/136823\/revisions"}],"wp:attachment":[{"href":"https:\/\/www.polishscience.pl\/fr\/wp-json\/wp\/v2\/media?parent=136823"}],"wp:term":[{"taxonomy":"category","embeddable":true,"href":"https:\/\/www.polishscience.pl\/fr\/wp-json\/wp\/v2\/categories?post=136823"},{"taxonomy":"post_tag","embeddable":true,"href":"https:\/\/www.polishscience.pl\/fr\/wp-json\/wp\/v2\/tags?post=136823"}],"curies":[{"name":"wp","href":"https:\/\/api.w.org\/{rel}","templated":true}]}}