{"id":136817,"date":"2020-07-15T14:33:33","date_gmt":"2020-07-15T12:33:33","guid":{"rendered":"https:\/\/polishscience.pl\/?p=136817"},"modified":"2020-07-15T14:33:33","modified_gmt":"2020-07-15T12:33:33","slug":"la-nouvelle-specialisation-en-politique-environnementale-a-luniversite-de-rzeszow","status":"publish","type":"post","link":"https:\/\/www.polishscience.pl\/fr\/la-nouvelle-specialisation-en-politique-environnementale-a-luniversite-de-rzeszow\/","title":{"rendered":"La nouvelle sp\u00e9cialisation en politique environnementale \u00e0 l&rsquo;Universit\u00e9 de Rzesz\u00f3w"},"content":{"rendered":"<p><strong>La politique \u00e9cologique est une nouvelle voie \u00e9ducative que l&rsquo;Institut de Sciences Politiques de l&rsquo;Universit\u00e9 de Rzesz\u00f3w (UR) lance dans le domaine des sciences politiques, les \u00e9tudes de deuxi\u00e8me degr\u00e9. La nouvelle sp\u00e9cialisation sera accessible aux \u00e9tudiants qui commencent leurs \u00e9tudes \u00e0 partir de l&rsquo;ann\u00e9e acad\u00e9mique 2020\/2021.<\/strong><\/p>\n<p>Le programme de la sp\u00e9cialisation comprend un catalogue de sujets concernant divers aspects li\u00e9s \u00e0 la politique environnementale. Les \u00e9tudiants pourront apprendre et analyser les probl\u00e8mes et les d\u00e9fis \u00e9cologiques dans la dimension locale, r\u00e9gionale et internationale, qui r\u00e9sultent du d\u00e9veloppement de la civilisation.<\/p>\n<p>Les questions relatives aux d\u00e9fis \u00e9cologiques sont actuelles et tr\u00e8s importantes. Nous voulons former des sp\u00e9cialistes dans ce domaine \u2013 a dit le professeur Agnieszka Paw\u0142owska, directrice de l&rsquo;Institut de Sciences Politiques de l&rsquo;UR.<\/p>\n<p>Comme l&rsquo;UR l&rsquo;informe, les dipl\u00f4m\u00e9s de la nouvelle sp\u00e9cialisation seront pr\u00e9par\u00e9s \u00e0 travailler et \u00e0 g\u00e9rer des unit\u00e9s d&rsquo;administration gouvernementale et locale ainsi que des institutions et des organisations dont le profil d&rsquo;activit\u00e9 s&rsquo;inscrit dans le cadre d&rsquo;activit\u00e9s pro-\u00e9cologiques.<\/p>\n","protected":false},"excerpt":{"rendered":"<p>La politique \u00e9cologique est une nouvelle voie \u00e9ducative que l&rsquo;Institut de Sciences Politiques de l&rsquo;Universit\u00e9 de Rzesz\u00f3w (UR) lance dans le domaine des sciences politiques, les \u00e9tudes de deuxi\u00e8me degr\u00e9. La nouvelle sp\u00e9cialisation sera accessible aux \u00e9tudiants qui commencent leurs \u00e9tudes \u00e0 partir de l&rsquo;ann\u00e9e acad\u00e9mique 2020\/2021. Le programme de la sp\u00e9cialisation comprend un catalogue [&hellip;]<\/p>\n","protected":false},"author":11,"featured_media":0,"comment_status":"closed","ping_status":"closed","sticky":false,"template":"","format":"standard","meta":[],"categories":[35],"tags":[],"_links":{"self":[{"href":"https:\/\/www.polishscience.pl\/fr\/wp-json\/wp\/v2\/posts\/136817"}],"collection":[{"href":"https:\/\/www.polishscience.pl\/fr\/wp-json\/wp\/v2\/posts"}],"about":[{"href":"https:\/\/www.polishscience.pl\/fr\/wp-json\/wp\/v2\/types\/post"}],"author":[{"embeddable":true,"href":"https:\/\/www.polishscience.pl\/fr\/wp-json\/wp\/v2\/users\/11"}],"replies":[{"embeddable":true,"href":"https:\/\/www.polishscience.pl\/fr\/wp-json\/wp\/v2\/comments?post=136817"}],"version-history":[{"count":0,"href":"https:\/\/www.polishscience.pl\/fr\/wp-json\/wp\/v2\/posts\/136817\/revisions"}],"wp:attachment":[{"href":"https:\/\/www.polishscience.pl\/fr\/wp-json\/wp\/v2\/media?parent=136817"}],"wp:term":[{"taxonomy":"category","embeddable":true,"href":"https:\/\/www.polishscience.pl\/fr\/wp-json\/wp\/v2\/categories?post=136817"},{"taxonomy":"post_tag","embeddable":true,"href":"https:\/\/www.polishscience.pl\/fr\/wp-json\/wp\/v2\/tags?post=136817"}],"curies":[{"name":"wp","href":"https:\/\/api.w.org\/{rel}","templated":true}]}}