{"id":136637,"date":"2020-07-14T17:02:45","date_gmt":"2020-07-14T15:02:45","guid":{"rendered":"https:\/\/polishscience.pl\/?p=136637"},"modified":"2020-07-14T17:02:45","modified_gmt":"2020-07-14T15:02:45","slug":"la-polytechnique-de-silesie-resserre-sa-cooperation-avec-la-societe-polonaise-de-gestion-de-leau","status":"publish","type":"post","link":"https:\/\/www.polishscience.pl\/fr\/la-polytechnique-de-silesie-resserre-sa-cooperation-avec-la-societe-polonaise-de-gestion-de-leau\/","title":{"rendered":"La Polytechnique de Sil\u00e9sie resserre sa coop\u00e9ration avec la Soci\u00e9t\u00e9 Polonaise de Gestion de l&rsquo;Eau"},"content":{"rendered":"<p><strong>Le recteur de la Polytechnique de Sil\u00e9sie, le professeur Arkadiusz M\u0119\u017cyk et Miros\u0142aw Kurz, directeur du Conseil r\u00e9gional de gestion des eaux de Gliwice, ont sign\u00e9 une lettre d&rsquo;intention pour coop\u00e9rer dans l&rsquo;\u00e9change de recherches, d&rsquo;exp\u00e9riences didactiques et de fond &#8211; informe l&rsquo;universit\u00e9.<\/strong><\/p>\n<p>La coop\u00e9ration portera notamment sur des questions li\u00e9es \u00e0 l&rsquo;ing\u00e9nierie et aux infrastructures hydrauliques, ainsi qu&rsquo;\u00e0 la gestion et \u00e0 la propret\u00e9 de l&rsquo;eau. Les activit\u00e9s mutuelles comprendront des stages d&rsquo;\u00e9tudiants et le d\u00e9veloppement de comp\u00e9tences li\u00e9es \u00e0 la gestion des crises. Les entreprises communes comprendront des projets et des programmes \u00e0 caract\u00e8re scientifique, de recherche et de d\u00e9veloppement, mis en \u0153uvre dans les installations hydrotechniques de l&rsquo;Autorit\u00e9 polonaise de gestion des eaux.<\/p>\n<p>Les activit\u00e9s entreprises par les deux institutions s&rsquo;inscrivent dans le cadre de la protection de l&rsquo;environnement et de la poursuite du d\u00e9veloppement durable. La Polytechnique m\u00e8ne des recherches scientifiques dans ce domaine, en mettant en \u0153uvre l&rsquo;un des six domaines de recherche prioritaires : la protection du climat et de l&rsquo;environnement, le g\u00e9nie \u00e9nerg\u00e9tique moderne.<\/p>\n","protected":false},"excerpt":{"rendered":"<p>Le recteur de la Polytechnique de Sil\u00e9sie, le professeur Arkadiusz M\u0119\u017cyk et Miros\u0142aw Kurz, directeur du Conseil r\u00e9gional de gestion des eaux de Gliwice, ont sign\u00e9 une lettre d&rsquo;intention pour coop\u00e9rer dans l&rsquo;\u00e9change de recherches, d&rsquo;exp\u00e9riences didactiques et de fond &#8211; informe l&rsquo;universit\u00e9. La coop\u00e9ration portera notamment sur des questions li\u00e9es \u00e0 l&rsquo;ing\u00e9nierie et aux [&hellip;]<\/p>\n","protected":false},"author":11,"featured_media":0,"comment_status":"closed","ping_status":"closed","sticky":false,"template":"","format":"standard","meta":[],"categories":[35,34],"tags":[],"_links":{"self":[{"href":"https:\/\/www.polishscience.pl\/fr\/wp-json\/wp\/v2\/posts\/136637"}],"collection":[{"href":"https:\/\/www.polishscience.pl\/fr\/wp-json\/wp\/v2\/posts"}],"about":[{"href":"https:\/\/www.polishscience.pl\/fr\/wp-json\/wp\/v2\/types\/post"}],"author":[{"embeddable":true,"href":"https:\/\/www.polishscience.pl\/fr\/wp-json\/wp\/v2\/users\/11"}],"replies":[{"embeddable":true,"href":"https:\/\/www.polishscience.pl\/fr\/wp-json\/wp\/v2\/comments?post=136637"}],"version-history":[{"count":0,"href":"https:\/\/www.polishscience.pl\/fr\/wp-json\/wp\/v2\/posts\/136637\/revisions"}],"wp:attachment":[{"href":"https:\/\/www.polishscience.pl\/fr\/wp-json\/wp\/v2\/media?parent=136637"}],"wp:term":[{"taxonomy":"category","embeddable":true,"href":"https:\/\/www.polishscience.pl\/fr\/wp-json\/wp\/v2\/categories?post=136637"},{"taxonomy":"post_tag","embeddable":true,"href":"https:\/\/www.polishscience.pl\/fr\/wp-json\/wp\/v2\/tags?post=136637"}],"curies":[{"name":"wp","href":"https:\/\/api.w.org\/{rel}","templated":true}]}}