{"id":136454,"date":"2020-07-13T15:11:19","date_gmt":"2020-07-13T13:11:19","guid":{"rendered":"https:\/\/polishscience.pl\/?p=136454"},"modified":"2020-07-13T15:11:19","modified_gmt":"2020-07-13T13:11:19","slug":"le-createur-de-la-mode-de-lannee-pour-un-professeur-de-luniversite-de-technologie-et-dindustrie-de-bydgoszcz","status":"publish","type":"post","link":"https:\/\/www.polishscience.pl\/fr\/le-createur-de-la-mode-de-lannee-pour-un-professeur-de-luniversite-de-technologie-et-dindustrie-de-bydgoszcz\/","title":{"rendered":"\u00ab\u00a0Le Cr\u00e9ateur de la Mode de l\u2019Ann\u00e9e\u00a0\u00bb pour un professeur de l&rsquo;Universit\u00e9 de Technologie et d&rsquo;Industrie de Bydgoszcz"},"content":{"rendered":"<p><strong>Sara Betkier, professeur du D\u00e9partement de Design de la Facult\u00e9 d&rsquo;Ing\u00e9nierie M\u00e9canique de l&rsquo;Universit\u00e9 de Technologie et d&rsquo;Industrie de Bydgoszcz, a remport\u00e9 le prix du \u00ab\u00a0le Cr\u00e9ateur de la Mode de l&rsquo;Ann\u00e9e\u00a0\u00bb d\u00e9cern\u00e9 par l&rsquo;Acad\u00e9mie Polonaise de la Mode, informe l&rsquo;universit\u00e9.<\/strong><\/p>\n<p>Le prix est attribu\u00e9 \u00e0 des cr\u00e9ateurs de v\u00eatements de pr\u00eat-\u00e0-porter pour des r\u00e9alisations sp\u00e9ciales et des r\u00e9alisations de design au cours d&rsquo;une ann\u00e9e civile donn\u00e9e \u00e0 une seule personne. Il s&rsquo;agit d&rsquo;une grande distinction dans le monde de la mode, visant \u00e0 mettre en valeur les r\u00e9alisations et la position sur le march\u00e9 de la mode, ainsi qu&rsquo;un signe de qualit\u00e9 et de bon design.<\/p>\n<p>Sara Betkier cr\u00e9e une marque sign\u00e9e de son propre nom avec ses propres cr\u00e9ations de v\u00eatements pour femmes. Elle a eu de nombreux spectacles, expositions et prix dans des concours nationaux et \u00e9trangers. En 2016, pour la collection \u00ab\u00a0Black\u00a0\u00bb, elle a re\u00e7u la statuette \u00ab\u00a0Espoir de la mode polonaise\u00a0\u00bb de l&rsquo;Acad\u00e9mie Polonaise de la Mode, en 2017 elle a re\u00e7u le titre de \u00ab\u00a0Personnalit\u00e9 de l&rsquo;ann\u00e9e\u00a0\u00bb dans la cat\u00e9gorie affaires.<\/p>\n","protected":false},"excerpt":{"rendered":"<p>Sara Betkier, professeur du D\u00e9partement de Design de la Facult\u00e9 d&rsquo;Ing\u00e9nierie M\u00e9canique de l&rsquo;Universit\u00e9 de Technologie et d&rsquo;Industrie de Bydgoszcz, a remport\u00e9 le prix du \u00ab\u00a0le Cr\u00e9ateur de la Mode de l&rsquo;Ann\u00e9e\u00a0\u00bb d\u00e9cern\u00e9 par l&rsquo;Acad\u00e9mie Polonaise de la Mode, informe l&rsquo;universit\u00e9. Le prix est attribu\u00e9 \u00e0 des cr\u00e9ateurs de v\u00eatements de pr\u00eat-\u00e0-porter pour des r\u00e9alisations [&hellip;]<\/p>\n","protected":false},"author":11,"featured_media":0,"comment_status":"closed","ping_status":"closed","sticky":false,"template":"","format":"standard","meta":[],"categories":[41],"tags":[],"_links":{"self":[{"href":"https:\/\/www.polishscience.pl\/fr\/wp-json\/wp\/v2\/posts\/136454"}],"collection":[{"href":"https:\/\/www.polishscience.pl\/fr\/wp-json\/wp\/v2\/posts"}],"about":[{"href":"https:\/\/www.polishscience.pl\/fr\/wp-json\/wp\/v2\/types\/post"}],"author":[{"embeddable":true,"href":"https:\/\/www.polishscience.pl\/fr\/wp-json\/wp\/v2\/users\/11"}],"replies":[{"embeddable":true,"href":"https:\/\/www.polishscience.pl\/fr\/wp-json\/wp\/v2\/comments?post=136454"}],"version-history":[{"count":0,"href":"https:\/\/www.polishscience.pl\/fr\/wp-json\/wp\/v2\/posts\/136454\/revisions"}],"wp:attachment":[{"href":"https:\/\/www.polishscience.pl\/fr\/wp-json\/wp\/v2\/media?parent=136454"}],"wp:term":[{"taxonomy":"category","embeddable":true,"href":"https:\/\/www.polishscience.pl\/fr\/wp-json\/wp\/v2\/categories?post=136454"},{"taxonomy":"post_tag","embeddable":true,"href":"https:\/\/www.polishscience.pl\/fr\/wp-json\/wp\/v2\/tags?post=136454"}],"curies":[{"name":"wp","href":"https:\/\/api.w.org\/{rel}","templated":true}]}}