{"id":136276,"date":"2020-07-10T15:37:40","date_gmt":"2020-07-10T13:37:40","guid":{"rendered":"https:\/\/polishscience.pl\/?p=136276"},"modified":"2020-07-10T15:37:40","modified_gmt":"2020-07-10T13:37:40","slug":"le-professeur-krzysztof-jozwik-est-le-recteur-de-la-polytechnique-de-lodz","status":"publish","type":"post","link":"https:\/\/www.polishscience.pl\/fr\/le-professeur-krzysztof-jozwik-est-le-recteur-de-la-polytechnique-de-lodz\/","title":{"rendered":"Le professeur Krzysztof J\u00f3\u017awik est le recteur de la Polytechnique de \u0141\u00f3d\u017a"},"content":{"rendered":"<p><strong>Le nouveau recteur de la Polytechnique de \u0141\u00f3d\u017a (P\u0141) pour la p\u00e9riode 2020-2024 sera le Prof. Krzysztof J\u00f3\u017awik, l&rsquo;actuel vice-recteur de l&rsquo;\u00e9ducation. Il remplacera l\u2019actuel recteur de la Polytechnique pendant les quatre derni\u00e8res ann\u00e9es, le professeur S\u0142awomir Wiak.<\/strong><\/p>\n<p>Le professeur Krzysztof J\u00f3\u017awik est dipl\u00f4m\u00e9 de la Facult\u00e9 de G\u00e9nie M\u00e9canique de la Polytechnique de \u0141\u00f3d\u017a. En 1987, il a obtenu son dipl\u00f4me de la Facult\u00e9 de G\u00e9nie M\u00e9canique de la Polytechnique de \u0141\u00f3d\u017a. Peu de temps apr\u00e8s, il a commenc\u00e9 \u00e0 travailler \u00e0 l&rsquo;Institut des Machines \u00e0 Flux de Fluides, dont il est devenu le directeur 20 ans plus tard. Il a obtenu son doctorat en 1998 sur la base de la th\u00e8se \u00ab\u00a0Le test de la turbine d&rsquo;un chargeur de moteur \u00e0 piston dans des conditions d&rsquo;alimentation \u00e9lectrique stationnaire et non stationnaire\u00a0\u00bb. Il a obtenu son doctorat d\u2019\u00c9tat en 2006 sur la base de la monographie intitul\u00e9e \u00ab\u00a0La vanne \u00e0 disque basculant m\u00e9canique avec une couche de diamant nanocristallin\u00a0\u00bb. En 2014, il est devenu professeur de sciences techniques.<\/p>\n<p>Depuis janvier de cette ann\u00e9e, il occupe le poste de vice-recteur de l&rsquo;\u00e9ducation (il a \u00e9galement \u00e9t\u00e9 vice-recteur dans les ann\u00e9es 2008-2012). En mars de cette ann\u00e9e, il est devenu chef du personnel anticrise du Fonds national polonais pour la sant\u00e9 en rapport avec la pand\u00e9mie de coronavirus. Il \u00e9tait professeur invit\u00e9 \u00e0 l&rsquo;Universit\u00e9 de Coventry et a \u00e9t\u00e9 nomm\u00e9 examinateur externe par l&rsquo;Universit\u00e9 de Cranfield.<\/p>\n","protected":false},"excerpt":{"rendered":"<p>Le nouveau recteur de la Polytechnique de \u0141\u00f3d\u017a (P\u0141) pour la p\u00e9riode 2020-2024 sera le Prof. Krzysztof J\u00f3\u017awik, l&rsquo;actuel vice-recteur de l&rsquo;\u00e9ducation. Il remplacera l\u2019actuel recteur de la Polytechnique pendant les quatre derni\u00e8res ann\u00e9es, le professeur S\u0142awomir Wiak. Le professeur Krzysztof J\u00f3\u017awik est dipl\u00f4m\u00e9 de la Facult\u00e9 de G\u00e9nie M\u00e9canique de la Polytechnique de \u0141\u00f3d\u017a. [&hellip;]<\/p>\n","protected":false},"author":11,"featured_media":0,"comment_status":"closed","ping_status":"closed","sticky":false,"template":"","format":"standard","meta":[],"categories":[35],"tags":[],"_links":{"self":[{"href":"https:\/\/www.polishscience.pl\/fr\/wp-json\/wp\/v2\/posts\/136276"}],"collection":[{"href":"https:\/\/www.polishscience.pl\/fr\/wp-json\/wp\/v2\/posts"}],"about":[{"href":"https:\/\/www.polishscience.pl\/fr\/wp-json\/wp\/v2\/types\/post"}],"author":[{"embeddable":true,"href":"https:\/\/www.polishscience.pl\/fr\/wp-json\/wp\/v2\/users\/11"}],"replies":[{"embeddable":true,"href":"https:\/\/www.polishscience.pl\/fr\/wp-json\/wp\/v2\/comments?post=136276"}],"version-history":[{"count":0,"href":"https:\/\/www.polishscience.pl\/fr\/wp-json\/wp\/v2\/posts\/136276\/revisions"}],"wp:attachment":[{"href":"https:\/\/www.polishscience.pl\/fr\/wp-json\/wp\/v2\/media?parent=136276"}],"wp:term":[{"taxonomy":"category","embeddable":true,"href":"https:\/\/www.polishscience.pl\/fr\/wp-json\/wp\/v2\/categories?post=136276"},{"taxonomy":"post_tag","embeddable":true,"href":"https:\/\/www.polishscience.pl\/fr\/wp-json\/wp\/v2\/tags?post=136276"}],"curies":[{"name":"wp","href":"https:\/\/api.w.org\/{rel}","templated":true}]}}