{"id":135904,"date":"2020-07-08T14:02:49","date_gmt":"2020-07-08T12:02:49","guid":{"rendered":"https:\/\/polishscience.pl\/?p=135904"},"modified":"2020-07-08T14:02:49","modified_gmt":"2020-07-08T12:02:49","slug":"luniversite-interdisciplinaire-dete-sur-la-liberte-religieuse","status":"publish","type":"post","link":"https:\/\/www.polishscience.pl\/fr\/luniversite-interdisciplinaire-dete-sur-la-liberte-religieuse\/","title":{"rendered":"L\u2019Universit\u00e9 Interdisciplinaire d\u2019\u00c9t\u00e9 sur la libert\u00e9 religieuse"},"content":{"rendered":"<p><strong>L&rsquo;Institut de la Justice (IWS) de Varsovie organise l&rsquo;Universit\u00e9 Interdisciplinaire d\u2019\u00c9t\u00e9 sur la libert\u00e9 religieuse du 19 au 24 juillet.<\/strong><\/p>\n<p>Selon l&rsquo;IWS, l&rsquo;objectif de l&rsquo;\u00e9cole est de former la base des connaissances n\u00e9cessaires \u00e0 l&rsquo;engagement acad\u00e9mique pour d\u00e9fendre la libert\u00e9 religieuse et prot\u00e9ger les minorit\u00e9s religieuses de la pers\u00e9cution.<\/p>\n<p>Les ateliers se d\u00e9rouleront sous forme de conf\u00e9rences et de s\u00e9minaires interdisciplinaires. Les cours seront dispens\u00e9s en anglais par des professeurs de l&rsquo;Universit\u00e9 de Louvain (Belgique), de l&rsquo;Universit\u00e9 de Navarre (Espagne), de l&rsquo;Universit\u00e9 d&rsquo;Oxford (Royaume-Uni) et de l&rsquo;Universit\u00e9 de Varsovie. Le dernier jour de l&rsquo;\u00e9cole, il y aura un forum des organisations non gouvernementales traitant de la libert\u00e9 religieuse et de la pers\u00e9cution religieuse.<\/p>\n<p>L&rsquo;IWS \u00e0 Varsovie est une unit\u00e9 organisationnelle de l&rsquo;\u00c9tat subordonn\u00e9e au ministre de la Justice, qui m\u00e8ne des activit\u00e9s scientifiques et de recherche dans le domaine de la cr\u00e9ation, de l&rsquo;application, de l&rsquo;axiologie et du fonctionnement social du droit.<\/p>\n","protected":false},"excerpt":{"rendered":"<p>L&rsquo;Institut de la Justice (IWS) de Varsovie organise l&rsquo;Universit\u00e9 Interdisciplinaire d\u2019\u00c9t\u00e9 sur la libert\u00e9 religieuse du 19 au 24 juillet. Selon l&rsquo;IWS, l&rsquo;objectif de l&rsquo;\u00e9cole est de former la base des connaissances n\u00e9cessaires \u00e0 l&rsquo;engagement acad\u00e9mique pour d\u00e9fendre la libert\u00e9 religieuse et prot\u00e9ger les minorit\u00e9s religieuses de la pers\u00e9cution. Les ateliers se d\u00e9rouleront sous forme [&hellip;]<\/p>\n","protected":false},"author":11,"featured_media":0,"comment_status":"closed","ping_status":"closed","sticky":false,"template":"","format":"standard","meta":[],"categories":[41],"tags":[],"_links":{"self":[{"href":"https:\/\/www.polishscience.pl\/fr\/wp-json\/wp\/v2\/posts\/135904"}],"collection":[{"href":"https:\/\/www.polishscience.pl\/fr\/wp-json\/wp\/v2\/posts"}],"about":[{"href":"https:\/\/www.polishscience.pl\/fr\/wp-json\/wp\/v2\/types\/post"}],"author":[{"embeddable":true,"href":"https:\/\/www.polishscience.pl\/fr\/wp-json\/wp\/v2\/users\/11"}],"replies":[{"embeddable":true,"href":"https:\/\/www.polishscience.pl\/fr\/wp-json\/wp\/v2\/comments?post=135904"}],"version-history":[{"count":0,"href":"https:\/\/www.polishscience.pl\/fr\/wp-json\/wp\/v2\/posts\/135904\/revisions"}],"wp:attachment":[{"href":"https:\/\/www.polishscience.pl\/fr\/wp-json\/wp\/v2\/media?parent=135904"}],"wp:term":[{"taxonomy":"category","embeddable":true,"href":"https:\/\/www.polishscience.pl\/fr\/wp-json\/wp\/v2\/categories?post=135904"},{"taxonomy":"post_tag","embeddable":true,"href":"https:\/\/www.polishscience.pl\/fr\/wp-json\/wp\/v2\/tags?post=135904"}],"curies":[{"name":"wp","href":"https:\/\/api.w.org\/{rel}","templated":true}]}}