{"id":135161,"date":"2020-07-03T12:35:52","date_gmt":"2020-07-03T10:35:52","guid":{"rendered":"https:\/\/polishscience.pl\/?p=135161"},"modified":"2020-07-03T12:35:52","modified_gmt":"2020-07-03T10:35:52","slug":"la-logopedie-a-lecole-superieure-professionnelle-publique-a-elblag","status":"publish","type":"post","link":"https:\/\/www.polishscience.pl\/fr\/la-logopedie-a-lecole-superieure-professionnelle-publique-a-elblag\/","title":{"rendered":"La logop\u00e9die \u00e0 l&rsquo;\u00c9cole Sup\u00e9rieure Professionnelle Publique \u00e0 Elbl\u0105g"},"content":{"rendered":"<p class=\"Standard\"><strong><span lang=\"EN-US\" style=\"font-family: 'Times New Roman',serif;\">L&rsquo;\u00c9cole Sup\u00e9rieure Professionnelle Publique (PWSZ) \u00e0 Elbl\u0105g a re\u00e7u une d\u00e9cision positive du minist\u00e8re des Sciences et de l&rsquo;Enseignement Sup\u00e9rieur sur l&rsquo;octroi du droit de mener des \u00e9tudes de premier et de second degr\u00e9 dans le domaine de la logop\u00e9die &#8211; a inform\u00e9 le professeur Zbigniew Walczyk, recteur de l&rsquo;universit\u00e9.<\/span><\/strong><\/p>\n<p class=\"Standard\"><span lang=\"EN-US\" style=\"font-family: 'Times New Roman',serif;\">L&rsquo;enseignement au niveau du premier dipl\u00f4me aura lieu en 3 ans (6 semestres, dont 270 heures d&rsquo;apprentissage). L&rsquo;enseignement de deuxi\u00e8me niveau se d\u00e9roulera en 2 ans (4 semestres dont 240 heures d&rsquo;apprentissage). <\/span><\/p>\n<p class=\"Standard\"><span lang=\"EN-US\" style=\"font-family: 'Times New Roman',serif;\">Apr\u00e8s avoir termin\u00e9 ses \u00e9tudes de premier cycle, le dipl\u00f4m\u00e9 sera pr\u00e9par\u00e9 \u00e0 diagnostiquer et \u00e0 mener une th\u00e9rapie des troubles du langage au niveau de l&rsquo;orientation g\u00e9n\u00e9rale. Il sera \u00e9galement pr\u00e9par\u00e9 \u00e0 exercer des fonctions \u00e9ducatives et de soins, \u00e0 soutenir le d\u00e9veloppement des enfants et des \u00e9tudiants, \u00e0 r\u00e9pondre \u00e0 leurs besoins \u00e9ducatifs sp\u00e9cifiques en termes de communication, ainsi qu&rsquo;\u00e0 coop\u00e9rer avec les enseignants et les psychologues.<\/span><\/p>\n<p class=\"Standard\"><span lang=\"EN-US\" style=\"font-family: 'Times New Roman',serif;\">En choisissant des \u00e9tudes compl\u00e9mentaires de deuxi\u00e8me cycle, les \u00e9tudiants choisiront la voie de la diplomatie en mati\u00e8re de neurop\u00e9die.<\/span><\/p>\n","protected":false},"excerpt":{"rendered":"<p>L&rsquo;\u00c9cole Sup\u00e9rieure Professionnelle Publique (PWSZ) \u00e0 Elbl\u0105g a re\u00e7u une d\u00e9cision positive du minist\u00e8re des Sciences et de l&rsquo;Enseignement Sup\u00e9rieur sur l&rsquo;octroi du droit de mener des \u00e9tudes de premier et de second degr\u00e9 dans le domaine de la logop\u00e9die &#8211; a inform\u00e9 le professeur Zbigniew Walczyk, recteur de l&rsquo;universit\u00e9. L&rsquo;enseignement au niveau du premier [&hellip;]<\/p>\n","protected":false},"author":11,"featured_media":0,"comment_status":"closed","ping_status":"closed","sticky":false,"template":"","format":"standard","meta":[],"categories":[35],"tags":[],"_links":{"self":[{"href":"https:\/\/www.polishscience.pl\/fr\/wp-json\/wp\/v2\/posts\/135161"}],"collection":[{"href":"https:\/\/www.polishscience.pl\/fr\/wp-json\/wp\/v2\/posts"}],"about":[{"href":"https:\/\/www.polishscience.pl\/fr\/wp-json\/wp\/v2\/types\/post"}],"author":[{"embeddable":true,"href":"https:\/\/www.polishscience.pl\/fr\/wp-json\/wp\/v2\/users\/11"}],"replies":[{"embeddable":true,"href":"https:\/\/www.polishscience.pl\/fr\/wp-json\/wp\/v2\/comments?post=135161"}],"version-history":[{"count":0,"href":"https:\/\/www.polishscience.pl\/fr\/wp-json\/wp\/v2\/posts\/135161\/revisions"}],"wp:attachment":[{"href":"https:\/\/www.polishscience.pl\/fr\/wp-json\/wp\/v2\/media?parent=135161"}],"wp:term":[{"taxonomy":"category","embeddable":true,"href":"https:\/\/www.polishscience.pl\/fr\/wp-json\/wp\/v2\/categories?post=135161"},{"taxonomy":"post_tag","embeddable":true,"href":"https:\/\/www.polishscience.pl\/fr\/wp-json\/wp\/v2\/tags?post=135161"}],"curies":[{"name":"wp","href":"https:\/\/api.w.org\/{rel}","templated":true}]}}