{"id":135045,"date":"2020-07-02T15:34:30","date_gmt":"2020-07-02T13:34:30","guid":{"rendered":"https:\/\/polishscience.pl\/?p=135045"},"modified":"2020-07-02T15:34:30","modified_gmt":"2020-07-02T13:34:30","slug":"un-seminaire-scientifique-a-loccasion-du-100e-anniversaire-de-la-naissance-de-jean-paul-ii-et-le-100e-anniversaire-de-la-bataille-de-varsovie","status":"publish","type":"post","link":"https:\/\/www.polishscience.pl\/fr\/un-seminaire-scientifique-a-loccasion-du-100e-anniversaire-de-la-naissance-de-jean-paul-ii-et-le-100e-anniversaire-de-la-bataille-de-varsovie\/","title":{"rendered":"Un s\u00e9minaire scientifique \u00e0 l\u2019occasion du 100e anniversaire de la naissance de Jean-Paul II et le 100e anniversaire de la Bataille de Varsovie"},"content":{"rendered":"<p><strong>Le 7 juillet 2020, l&rsquo;Universit\u00e9 Lazarski de Varsovie organise un s\u00e9minaire acad\u00e9mique en ligne pour c\u00e9l\u00e9brer le 100e anniversaire de la naissance du Pape Jean-Paul II et le 100e anniversaire de la Bataille de Varsovie.<\/strong><\/p>\n<p>Pendant l&rsquo;\u00e9v\u00e9nement, qui d\u00e9butera \u00e0 13 heures, trois pan\u00e9listes prendront la parole.<\/p>\n<p>Le professeur Franciszek Longchamps de B\u00e9rier de l&rsquo;Universit\u00e9 Jagellonne de Cracovie donnera une conf\u00e9rence intitul\u00e9: \u00ab\u00a0Jean-Paul II \u2013 le droit et l\u2019anthropologie\u00a0\u00bb, le Dr Krzysztof \u0141azarski de l&rsquo;Universit\u00e9 Lazarski d\u00e9veloppera le sujet : \u00ab\u00a0Les Polonais retrouvent l&rsquo;ind\u00e9pendance et l&rsquo;\u00c9tat : Le double miracle au 20e si\u00e8cle\u00a0\u00bb, et le docteur d\u2019\u00c9tat Marek Ga\u0142\u0119zowski, sp\u00e9cialiste en chef du Bureau de l&rsquo;\u00e9ducation nationale de l&rsquo;Institut de la M\u00e9moire Nationale, discutera de la guerre polono-bolchevique et de son contexte international.<\/p>\n<p>Le s\u00e9minaire se tiendra sur la plate-forme universitaire Microsoft Teams.<\/p>\n","protected":false},"excerpt":{"rendered":"<p>Le 7 juillet 2020, l&rsquo;Universit\u00e9 Lazarski de Varsovie organise un s\u00e9minaire acad\u00e9mique en ligne pour c\u00e9l\u00e9brer le 100e anniversaire de la naissance du Pape Jean-Paul II et le 100e anniversaire de la Bataille de Varsovie. Pendant l&rsquo;\u00e9v\u00e9nement, qui d\u00e9butera \u00e0 13 heures, trois pan\u00e9listes prendront la parole. Le professeur Franciszek Longchamps de B\u00e9rier de l&rsquo;Universit\u00e9 [&hellip;]<\/p>\n","protected":false},"author":11,"featured_media":0,"comment_status":"closed","ping_status":"closed","sticky":false,"template":"","format":"standard","meta":[],"categories":[41],"tags":[],"_links":{"self":[{"href":"https:\/\/www.polishscience.pl\/fr\/wp-json\/wp\/v2\/posts\/135045"}],"collection":[{"href":"https:\/\/www.polishscience.pl\/fr\/wp-json\/wp\/v2\/posts"}],"about":[{"href":"https:\/\/www.polishscience.pl\/fr\/wp-json\/wp\/v2\/types\/post"}],"author":[{"embeddable":true,"href":"https:\/\/www.polishscience.pl\/fr\/wp-json\/wp\/v2\/users\/11"}],"replies":[{"embeddable":true,"href":"https:\/\/www.polishscience.pl\/fr\/wp-json\/wp\/v2\/comments?post=135045"}],"version-history":[{"count":0,"href":"https:\/\/www.polishscience.pl\/fr\/wp-json\/wp\/v2\/posts\/135045\/revisions"}],"wp:attachment":[{"href":"https:\/\/www.polishscience.pl\/fr\/wp-json\/wp\/v2\/media?parent=135045"}],"wp:term":[{"taxonomy":"category","embeddable":true,"href":"https:\/\/www.polishscience.pl\/fr\/wp-json\/wp\/v2\/categories?post=135045"},{"taxonomy":"post_tag","embeddable":true,"href":"https:\/\/www.polishscience.pl\/fr\/wp-json\/wp\/v2\/tags?post=135045"}],"curies":[{"name":"wp","href":"https:\/\/api.w.org\/{rel}","templated":true}]}}