{"id":134491,"date":"2020-06-29T15:18:00","date_gmt":"2020-06-29T13:18:00","guid":{"rendered":"http:\/\/polishscience.pl\/?p=134491"},"modified":"2020-06-29T15:18:00","modified_gmt":"2020-06-29T13:18:00","slug":"la-conference-sur-les-technologies-de-la-sante-dans-les-soins-connectes-et-integres-a-luniversite-de-medecine-de-wroclaw","status":"publish","type":"post","link":"https:\/\/www.polishscience.pl\/fr\/la-conference-sur-les-technologies-de-la-sante-dans-les-soins-connectes-et-integres-a-luniversite-de-medecine-de-wroclaw\/","title":{"rendered":"La conf\u00e9rence sur les technologies de la sant\u00e9 dans les soins connect\u00e9s et int\u00e9gr\u00e9s \u00e0 l&rsquo;Universit\u00e9 de M\u00e9decine de Wroclaw"},"content":{"rendered":"<p><strong>L&rsquo;Universit\u00e9 de M\u00e9decine de Wroclaw invite \u00e0 la conf\u00e9rence sur les technologies de la sant\u00e9 dans les soins connect\u00e9s et int\u00e9gr\u00e9s, les 2 et 3 juillet. L&rsquo;objectif de la r\u00e9union est de d\u00e9terminer l&rsquo;impact des nouvelles r\u00e9glementations juridiques sur la m\u00e9decine personnalis\u00e9e et de d\u00e9terminer lesquelles peuvent \u00eatre introduites au niveau r\u00e9gional.<\/strong><\/p>\n<p>Les organisateurs comptent sur l&rsquo;\u00e9change d&rsquo;exp\u00e9riences entre les repr\u00e9sentants des autorit\u00e9s locales, des institutions scientifiques, des organisations de patients, des prestataires, des institutions charg\u00e9es de la gestion des soins de sant\u00e9 et des syst\u00e8mes d&rsquo;information dans le domaine des soins de sant\u00e9 et des entrepreneurs qui s&rsquo;occupent des technologies orient\u00e9es vers la sant\u00e9 dans le cadre des soins int\u00e9gr\u00e9s.<\/p>\n<p>Les sessions de la conf\u00e9rence porteront sur la liaison de l&rsquo;aspect r\u00e9glementaire avec les technologies de sant\u00e9 personnalis\u00e9es, la participation des patients et les soins de sant\u00e9 et l&rsquo;\u00e9valuation des technologies de la sant\u00e9 dans l&rsquo;innovation en mati\u00e8re de sant\u00e9. Une visite en ligne du Centre de Simulation M\u00e9dicale est \u00e9galement pr\u00e9vue &#8211; informe l&rsquo;universit\u00e9.<\/p>\n","protected":false},"excerpt":{"rendered":"<p>L&rsquo;Universit\u00e9 de M\u00e9decine de Wroclaw invite \u00e0 la conf\u00e9rence sur les technologies de la sant\u00e9 dans les soins connect\u00e9s et int\u00e9gr\u00e9s, les 2 et 3 juillet. L&rsquo;objectif de la r\u00e9union est de d\u00e9terminer l&rsquo;impact des nouvelles r\u00e9glementations juridiques sur la m\u00e9decine personnalis\u00e9e et de d\u00e9terminer lesquelles peuvent \u00eatre introduites au niveau r\u00e9gional. Les organisateurs comptent [&hellip;]<\/p>\n","protected":false},"author":11,"featured_media":0,"comment_status":"closed","ping_status":"closed","sticky":false,"template":"","format":"standard","meta":[],"categories":[41,39],"tags":[],"_links":{"self":[{"href":"https:\/\/www.polishscience.pl\/fr\/wp-json\/wp\/v2\/posts\/134491"}],"collection":[{"href":"https:\/\/www.polishscience.pl\/fr\/wp-json\/wp\/v2\/posts"}],"about":[{"href":"https:\/\/www.polishscience.pl\/fr\/wp-json\/wp\/v2\/types\/post"}],"author":[{"embeddable":true,"href":"https:\/\/www.polishscience.pl\/fr\/wp-json\/wp\/v2\/users\/11"}],"replies":[{"embeddable":true,"href":"https:\/\/www.polishscience.pl\/fr\/wp-json\/wp\/v2\/comments?post=134491"}],"version-history":[{"count":0,"href":"https:\/\/www.polishscience.pl\/fr\/wp-json\/wp\/v2\/posts\/134491\/revisions"}],"wp:attachment":[{"href":"https:\/\/www.polishscience.pl\/fr\/wp-json\/wp\/v2\/media?parent=134491"}],"wp:term":[{"taxonomy":"category","embeddable":true,"href":"https:\/\/www.polishscience.pl\/fr\/wp-json\/wp\/v2\/categories?post=134491"},{"taxonomy":"post_tag","embeddable":true,"href":"https:\/\/www.polishscience.pl\/fr\/wp-json\/wp\/v2\/tags?post=134491"}],"curies":[{"name":"wp","href":"https:\/\/api.w.org\/{rel}","templated":true}]}}